{"id":4090,"date":"2009-06-29T09:13:33","date_gmt":"2009-06-29T13:13:33","guid":{"rendered":"http:\/\/www.redenoticia.com.br\/noticia\/?p=4090"},"modified":"2009-07-27T02:11:02","modified_gmt":"2009-07-27T02:11:02","slug":"cuidados-para-evitar-doencas-respiratorias","status":"publish","type":"post","link":"https:\/\/migracao.redenoticia.com.br\/noticia\/2009\/cuidados-para-evitar-doencas-respiratorias\/4090","title":{"rendered":"Cuidados para evitar doen\u00e7as respirat\u00f3rias"},"content":{"rendered":"<p>Todo ano \u00e9 a mesma hist\u00f3ria, com a chegada do inverno aumentam os casos de problemas respirat\u00f3rios. As quedas bruscas e constantes na temperatura, aliadas ao tempo seco, s\u00e3o as vil\u00e3s da hist\u00f3ria. As infec\u00e7\u00f5es respirat\u00f3rias podem ocorrer em qualquer \u00e9poca do ano, entretanto, no inverno, as mucosas ficam ressecadas, as defesas locais do organismo diminuem, favorecendo doen\u00e7as como gripe, resfriado, amigdalites, faringites, sinusite e pneumonia.<\/p>\n<p>O resultado, enfim, \u00e9 que hospitais, pronto-socorros e consult\u00f3rios ficam cheios de pacientes com doen\u00e7as respirat\u00f3rias. Cerca de 90% dos casos infecciosos diagnosticados s\u00e3o causados por v\u00edrus e acometem principalmente crian\u00e7as e idosos.<\/p>\n<p>&#8220;Com as condi\u00e7\u00f5es clim\u00e1ticas dos dias frios, crian\u00e7as e adultos ficam mais expostos a \u00e1caros, poeira, mofo e demais subst\u00e2ncias alerg\u00eanicas, desencadeando crises de asma, rinite e outras alergias respirat\u00f3rias&#8221;, explica o dr. Jos\u00e9 Eduardo Can\u00e7ado.<\/p>\n<p>Atualmente, existe a recomenda\u00e7\u00e3o para aplica\u00e7\u00e3o da vacina da gripe, todos os anos, para todas as crian\u00e7as entre 6 meses e 5 anos, al\u00e9m dos idosos, profissionais de sa\u00fade, e indiv\u00edduos com algumas doen\u00e7as cr\u00f4nicas, a exemplo da asma, muito comum na faixa et\u00e1ria pedi\u00e1trica.<\/p>\n<p>&#8220;Mais da metade das crian\u00e7as que chegam ao Pronto Socorro da Santa Casa de S\u00e3o Paulo anualmente \u00e9 portadora de alguma doen\u00e7a respirat\u00f3ria&#8221;, atesta o dr. Bernardo Kiertsman, professor adjunto da Faculdade de Ci\u00eancias M\u00e9dicas e Chefe do Servi\u00e7o de Pneumologia Pedi\u00e1trica da Santa Casa de S\u00e3o Paulo. &#8220;Varia desde casos simples, como infec\u00e7\u00f5es virais das vias a\u00e9reas superiores, aos extremos, como pneumonias ou crises graves de asma&#8221;.<\/p>\n<p>Al\u00e9m disso, as pessoas passam mais tempo em ambientes fechados, o que favorece a circula\u00e7\u00e3o de microrganismos e a transmiss\u00e3o de infec\u00e7\u00f5es. Com a queda da temperatura, a tend\u00eancia dos pais de manter as crian\u00e7as por mais tempo dentro de casa cresce. S\u00f3 que os ambientes fechados facilitam a maior transmiss\u00e3o de v\u00edrus e bact\u00e9rias.<\/p>\n<p>Uma boa dica para preven\u00e7\u00e3o \u00e9 deixar o ambiente o mais arejado poss\u00edvel. A utiliza\u00e7\u00e3o de umidificadores, de uma bacia com \u00e1gua no quarto durante a noite, e at\u00e9 mesmo tomar banho com a porta do banheiro aberta, s\u00e3o maneiras eficazes para garantir uma umidade adequada na casa.<\/p>\n<p>Nesta \u00e9poca do ano, ocorre tamb\u00e9m a propaga\u00e7\u00e3o de doen\u00e7as al\u00e9rgicas. S\u00e3o agentes facilitadores a poeira domiciliar, a fuma\u00e7a de cigarro, mudan\u00e7as bruscas de temperatura e odores fortes, por exemplo. H\u00e1 ainda os fatores emocionais que interferem diretamente no cotidiano daqueles que s\u00e3o geneticamente propensos ao desenvolvimento das crises de alergia, e de inflama\u00e7\u00f5es nas vias a\u00e9reas.<\/p>\n<p>Em todos esses casos, a limpeza do ambiente \u00e9 extremamente importante. Segundo o dr. Bernardo, carpetes e tapetes, cortinas de pano s\u00e3o inimigos naturais da sa\u00fade respirat\u00f3ria. Tome cuidado com o ac\u00famulo de brinquedos, de bichos de pel\u00facia, de latinhas, livros e quaisquer outros objetos de dif\u00edcil limpeza. \u00c9 prudente evitar travesseiros de pena ou arom\u00e1ticos, preferindo travesseiros e colch\u00f5es de espuma maci\u00e7a, envoltos com capas imperme\u00e1veis ao \u00e1caro. Deve-se, enfim, adequar a casa da melhor forma pensando no bem-estar de todos, especialmente daqueles que j\u00e1 sofrem com problemas respirat\u00f3rios.<\/p>\n<p>&#8220;Quando h\u00e1 contato com qualquer fator complicador, \u00e9 desencadeada uma inflama\u00e7\u00e3o em toda a via respirat\u00f3ria, desde a ponta do nariz, at\u00e9 o alv\u00e9olo pulmonar. Tal rea\u00e7\u00e3o leva a uma grande irrita\u00e7\u00e3o do br\u00f4nquio, o que ocasiona diversos problemas, como edemas, catarro, e o entupimento prejudicando o tr\u00e2nsito de ar aos pulm\u00f5es&#8221;, pondera o dr. Bernardo.<\/p>\n<p>Aliviando as crises<\/p>\n<p>Para aqueles que sofrem de problemas respirat\u00f3rios cr\u00f4nicos, como asma e Doen\u00e7a Pulmonar Obstrutiva Cr\u00f4nica (DPOC), o per\u00edodo do inverno \u00e9 o ideal para uma avalia\u00e7\u00e3o com um pneumologista, que far\u00e1 a introdu\u00e7\u00e3o de medidas de controle, uma vez que s\u00e3o mais suscet\u00edveis ao agravamento destes males.<\/p>\n<p>No caso do resfriado, especificamente, que \u00e9 uma infec\u00e7\u00e3o viral, n\u00e3o existe medicamento com efic\u00e1cia comprovada. Gripe e infec\u00e7\u00f5es bacterianas contam com medica\u00e7\u00f5es espec\u00edficas, no entanto, somente o m\u00e9dico poder\u00e1 avaliar e prescrever o tratamento adequado.<\/p>\n<p>J\u00e1 a vacina contra a gripe \u00e9 a \u00fanica medida preventiva eficaz para reduzir a incid\u00eancia, diminuindo tamb\u00e9m os \u00edndices de complica\u00e7\u00f5es, como as pneumonias. Oferecida gratuitamente pelo Governo Federal aos indiv\u00edduos com idade superior a 60 anos, est\u00e1 dispon\u00edvel na rede privada para os demais.<\/p>\n","protected":false},"excerpt":{"rendered":"<p>Todo ano \u00e9 a mesma hist\u00f3ria, com a chegada do inverno aumentam os casos de problemas respirat\u00f3rios. As quedas bruscas e constantes na temperatura, aliadas ao tempo seco, s\u00e3o as vil\u00e3s da hist\u00f3ria. As infec\u00e7\u00f5es respirat\u00f3rias podem ocorrer em qualquer \u00e9poca do ano, entretanto, no inverno, as mucosas ficam ressecadas, as defesas locais do organismo [&hellip;]<\/p>\n","protected":false},"author":3,"featured_media":0,"comment_status":"open","ping_status":"open","sticky":false,"template":"","format":"standard","meta":{"tdm_status":"","tdm_grid_status":"","footnotes":""},"categories":[22,327,5],"tags":[],"class_list":{"0":"post-4090","1":"post","2":"type-post","3":"status-publish","4":"format-standard","6":"category-brasil","7":"category-clima","8":"category-saude-e-vida"},"_links":{"self":[{"href":"https:\/\/migracao.redenoticia.com.br\/noticia\/wp-json\/wp\/v2\/posts\/4090","targetHints":{"allow":["GET"]}}],"collection":[{"href":"https:\/\/migracao.redenoticia.com.br\/noticia\/wp-json\/wp\/v2\/posts"}],"about":[{"href":"https:\/\/migracao.redenoticia.com.br\/noticia\/wp-json\/wp\/v2\/types\/post"}],"author":[{"embeddable":true,"href":"https:\/\/migracao.redenoticia.com.br\/noticia\/wp-json\/wp\/v2\/users\/3"}],"replies":[{"embeddable":true,"href":"https:\/\/migracao.redenoticia.com.br\/noticia\/wp-json\/wp\/v2\/comments?post=4090"}],"version-history":[{"count":0,"href":"https:\/\/migracao.redenoticia.com.br\/noticia\/wp-json\/wp\/v2\/posts\/4090\/revisions"}],"wp:attachment":[{"href":"https:\/\/migracao.redenoticia.com.br\/noticia\/wp-json\/wp\/v2\/media?parent=4090"}],"wp:term":[{"taxonomy":"category","embeddable":true,"href":"https:\/\/migracao.redenoticia.com.br\/noticia\/wp-json\/wp\/v2\/categories?post=4090"},{"taxonomy":"post_tag","embeddable":true,"href":"https:\/\/migracao.redenoticia.com.br\/noticia\/wp-json\/wp\/v2\/tags?post=4090"}],"curies":[{"name":"wp","href":"https:\/\/api.w.org\/{rel}","templated":true}]}}