{"id":4095,"date":"2009-06-29T09:26:54","date_gmt":"2009-06-29T13:26:54","guid":{"rendered":"http:\/\/www.redenoticia.com.br\/noticia\/?p=4095"},"modified":"2009-06-29T09:26:54","modified_gmt":"2009-06-29T13:26:54","slug":"comissao-vota-amanha-30-a-pec-23195-sobre-jornada-de-trabalho","status":"publish","type":"post","link":"https:\/\/migracao.redenoticia.com.br\/noticia\/2009\/comissao-vota-amanha-30-a-pec-23195-sobre-jornada-de-trabalho\/4095","title":{"rendered":"Comiss\u00e3o vota amanh\u00e3 (30) a PEC 231\/95 sobre Jornada de Trabalho"},"content":{"rendered":"<p>Nesta ter\u00e7a-feira (30), a comiss\u00e3o especial que analisa a PEC 231\/95 que trata da redu\u00e7\u00e3o da jornada de trabalho agendou a vota\u00e7\u00e3o do parecer, favor\u00e1vel \u00e0 mat\u00e9ria, do relator, deputado Vicentinho (PT\/SP).<\/p>\n<p>O colegiado se re\u00fane no audit\u00f3rio Nereu Ramos, \u00e0s 14h.<\/p>\n<p>O movimento sindical se agendou e promete lotar o audit\u00f3rio, cuja capacidade \u00e9 de 600 pessoas &#8211; entre sentados e os que ficar\u00e3o em p\u00e9.<\/p>\n<p>A aprova\u00e7\u00e3o da proposta ser\u00e1 um avan\u00e7o importante acerca deste tema, pois dessa forma a mat\u00e9ria ficar\u00e1 sobre a Mesa Diretora dos trabalhos da C\u00e2mara e n\u00e3o mais poder\u00e1 ser arquivada.<\/p>\n<p>Assim, quando a conjuntura estiver favor\u00e1vel e o movimento sindical construir uma correla\u00e7\u00e3o de for\u00e7as mais favor\u00e1vel no Congresso poder\u00e1 vot\u00e1-la no plen\u00e1rio, com garantia de aprova\u00e7\u00e3o.<\/p>\n<p><strong>&#8220;Presen\u00e7a maci\u00e7a&#8221;<\/strong><strong><br \/>\n<\/strong>A expectativa do relator \u00e9 de que haja &#8220;presen\u00e7a maci\u00e7a&#8221; dos trabalhadores na vota\u00e7\u00e3o da proposta.<\/p>\n<p>&#8220;J\u00e1 li parte do relat\u00f3rio e o voto ser\u00e1 lido nesta ter\u00e7a-feira (30), quando deveremos votar. No texto me posiciono a favor da redu\u00e7\u00e3o da jornada que, segundo o Departamento Intersindical de Estat\u00edstica e Estudos Socioecon\u00f4micos (Dieese), permitir\u00e1 a cria\u00e7\u00e3o de 2,5 milh\u00f5es de empregos&#8221;.<\/p>\n<p>E segue: &#8220;Al\u00e9m disso, a redu\u00e7\u00e3o \u00e9 importante para a melhorar a sa\u00fade do trabalhador, diminuir os acidentes de trabalho e estimular que o funcion\u00e1rio possa fazer cursos de aprimoramento&#8221;, disse Vicentinho.<\/p>\n<p><strong>Carta das centrais<\/strong><br \/>\nAs centrais sindicais &#8211; CUT, CGTB, CTB, For\u00e7a, NCST e UGT &#8211; aproveitar\u00e3o para entregar uma carta aos parlamentares sobre a import\u00e2ncia da redu\u00e7\u00e3o da jornada de trabalho de 44 para 40 horas semanais sem redu\u00e7\u00e3o de sal\u00e1rio.<\/p>\n<p>Depois de aprovada na comiss\u00e3o especial, a mat\u00e9ria seguir\u00e1 para an\u00e1lise do plen\u00e1rio da C\u00e2mara, onde ser\u00e1 votada em dois turnos.<\/p>\n<p><a href=\"http:\/\/www.diap.org.br\/index.php\/agencia-diap\">Ag\u00eancia DIAP <\/a><\/p>\n","protected":false},"excerpt":{"rendered":"<p>Nesta ter\u00e7a-feira (30), a comiss\u00e3o especial que analisa a PEC 231\/95 que trata da redu\u00e7\u00e3o da jornada de trabalho agendou a vota\u00e7\u00e3o do parecer, favor\u00e1vel \u00e0 mat\u00e9ria, do relator, deputado Vicentinho (PT\/SP). O colegiado se re\u00fane no audit\u00f3rio Nereu Ramos, \u00e0s 14h. O movimento sindical se agendou e promete lotar o audit\u00f3rio, cuja capacidade \u00e9 [&hellip;]<\/p>\n","protected":false},"author":3,"featured_media":0,"comment_status":"open","ping_status":"open","sticky":false,"template":"","format":"standard","meta":{"tdm_status":"","tdm_grid_status":"","footnotes":""},"categories":[22,7],"tags":[],"class_list":{"0":"post-4095","1":"post","2":"type-post","3":"status-publish","4":"format-standard","6":"category-brasil","7":"category-economia"},"_links":{"self":[{"href":"https:\/\/migracao.redenoticia.com.br\/noticia\/wp-json\/wp\/v2\/posts\/4095","targetHints":{"allow":["GET"]}}],"collection":[{"href":"https:\/\/migracao.redenoticia.com.br\/noticia\/wp-json\/wp\/v2\/posts"}],"about":[{"href":"https:\/\/migracao.redenoticia.com.br\/noticia\/wp-json\/wp\/v2\/types\/post"}],"author":[{"embeddable":true,"href":"https:\/\/migracao.redenoticia.com.br\/noticia\/wp-json\/wp\/v2\/users\/3"}],"replies":[{"embeddable":true,"href":"https:\/\/migracao.redenoticia.com.br\/noticia\/wp-json\/wp\/v2\/comments?post=4095"}],"version-history":[{"count":0,"href":"https:\/\/migracao.redenoticia.com.br\/noticia\/wp-json\/wp\/v2\/posts\/4095\/revisions"}],"wp:attachment":[{"href":"https:\/\/migracao.redenoticia.com.br\/noticia\/wp-json\/wp\/v2\/media?parent=4095"}],"wp:term":[{"taxonomy":"category","embeddable":true,"href":"https:\/\/migracao.redenoticia.com.br\/noticia\/wp-json\/wp\/v2\/categories?post=4095"},{"taxonomy":"post_tag","embeddable":true,"href":"https:\/\/migracao.redenoticia.com.br\/noticia\/wp-json\/wp\/v2\/tags?post=4095"}],"curies":[{"name":"wp","href":"https:\/\/api.w.org\/{rel}","templated":true}]}}