{"id":41,"date":"2009-03-30T19:15:00","date_gmt":"2009-03-30T22:15:00","guid":{"rendered":"http:\/\/www.redenoticia.com.br\/noticia\/?p=41"},"modified":"2009-04-10T20:23:52","modified_gmt":"2009-04-10T23:23:52","slug":"ji-parana","status":"publish","type":"post","link":"https:\/\/migracao.redenoticia.com.br\/noticia\/2009\/ji-parana\/41","title":{"rendered":"Ji-Paran\u00e1"},"content":{"rendered":"<p class=\"post1\"><span><img loading=\"lazy\" decoding=\"async\" class=\"alignleft\" src=\"http:\/\/farm4.static.flickr.com\/3382\/3429544657_4dce67c75b_m.jpg\" alt=\"\" width=\"240\" height=\"202\" \/>J\u00fanior Fel\u00edcio Marques, o jogador nascido em Ji-Paran\u00e1 que usa o nome da cidade como nome profissional. Atua como<\/span> volante foi revelado pelas categorias de base do <span>Corinthians<\/span>. O Ji-Paran\u00e1 teve sua estreia no time principal no dia <span>17 de abri<a title=\"17 de abril\" href=\"http:\/\/pt.wikipedia.org\/wiki\/17_de_abril\">l<\/a><\/span> de <span>2005<\/span> na partida contra a <span>Portuguesa Santista<\/span>.<\/p>\n","protected":false},"excerpt":{"rendered":"<p>J\u00fanior Fel\u00edcio Marques, o jogador nascido em Ji-Paran\u00e1 que usa o nome da cidade como nome profissional. Atua como volante foi revelado pelas categorias de base do Corinthians. O Ji-Paran\u00e1 teve sua estreia no time principal no dia 17 de abril de 2005 na partida contra a Portuguesa Santista.<\/p>\n","protected":false},"author":2,"featured_media":0,"comment_status":"open","ping_status":"open","sticky":false,"template":"","format":"standard","meta":{"tdm_status":"","tdm_grid_status":"","footnotes":""},"categories":[22],"tags":[],"class_list":{"0":"post-41","1":"post","2":"type-post","3":"status-publish","4":"format-standard","6":"category-brasil"},"_links":{"self":[{"href":"https:\/\/migracao.redenoticia.com.br\/noticia\/wp-json\/wp\/v2\/posts\/41","targetHints":{"allow":["GET"]}}],"collection":[{"href":"https:\/\/migracao.redenoticia.com.br\/noticia\/wp-json\/wp\/v2\/posts"}],"about":[{"href":"https:\/\/migracao.redenoticia.com.br\/noticia\/wp-json\/wp\/v2\/types\/post"}],"author":[{"embeddable":true,"href":"https:\/\/migracao.redenoticia.com.br\/noticia\/wp-json\/wp\/v2\/users\/2"}],"replies":[{"embeddable":true,"href":"https:\/\/migracao.redenoticia.com.br\/noticia\/wp-json\/wp\/v2\/comments?post=41"}],"version-history":[{"count":0,"href":"https:\/\/migracao.redenoticia.com.br\/noticia\/wp-json\/wp\/v2\/posts\/41\/revisions"}],"wp:attachment":[{"href":"https:\/\/migracao.redenoticia.com.br\/noticia\/wp-json\/wp\/v2\/media?parent=41"}],"wp:term":[{"taxonomy":"category","embeddable":true,"href":"https:\/\/migracao.redenoticia.com.br\/noticia\/wp-json\/wp\/v2\/categories?post=41"},{"taxonomy":"post_tag","embeddable":true,"href":"https:\/\/migracao.redenoticia.com.br\/noticia\/wp-json\/wp\/v2\/tags?post=41"}],"curies":[{"name":"wp","href":"https:\/\/api.w.org\/{rel}","templated":true}]}}