{"id":4108,"date":"2009-06-29T10:18:41","date_gmt":"2009-06-29T14:18:41","guid":{"rendered":"http:\/\/www.redenoticia.com.br\/noticia\/?p=4108"},"modified":"2009-06-29T10:18:41","modified_gmt":"2009-06-29T14:18:41","slug":"sao-paulo-sediara-a-6%c2%aa-feira-nacional-de-turismo-rural","status":"publish","type":"post","link":"https:\/\/migracao.redenoticia.com.br\/noticia\/2009\/sao-paulo-sediara-a-6%c2%aa-feira-nacional-de-turismo-rural\/4108","title":{"rendered":"S\u00e3o Paulo sediar\u00e1 a 6\u00aa Feira Nacional de Turismo Rural"},"content":{"rendered":"<p>A 6\u00ba Feira Nacional de Turismo Rural, que acontece entre os dias 21 e 23 de agosto, no Parque da \u00c1gua Branca, em S\u00e3o Paulo, traz em sua programa\u00e7\u00e3o o SENATUR (Semin\u00e1rio Nacional de Turismo Rural), um semin\u00e1rio t\u00e9cnico com palestras, oficinas e lan\u00e7amentos de livros, este ano, organizado pela Universidade Anhembi Morumbi.<\/p>\n<p>O Semin\u00e1rio \u00e9 reconhecido pela organiza\u00e7\u00e3o como sendo uma das atividades fundamentais da Feira Nacional de Turismo Rural, juntamente com a rica Programa\u00e7\u00e3o Cultural e a Exposi\u00e7\u00e3o dos produtos.<\/p>\n<p>Na sexta-feira (21), o lan\u00e7amento do livro \u201cEngenhos e Fazendas do Brasil\u201d pela Empresa das Artes Editora, faz um levantamento detalhado englobando 40 das mais importantes propriedades rurais brasileiras, que se destacam nacionalmente por sua import\u00e2ncia patrimonial e hist\u00f3rica. Durante o lan\u00e7amento, uma mesa de debates para empreendedores de fazendas e engenhos. O objetivo \u00e9 valorizar edif\u00edcios e propriedades hist\u00f3ricas, que ainda hoje mant\u00eam-se bem conservados, e que representam os principais estilos arquitet\u00f4nicos nacionais<\/p>\n<p>O evento, que abordar\u00e1 o turismo rural de forma abrangente, traz esses e outros importantes temas para a profissionaliza\u00e7\u00e3o do setor, como o \u201cCaf\u00e9 como destino tur\u00edstico\u201d, \u201cCavalgadas\u201d e outros.<\/p>\n<p>Para conferir a programa\u00e7\u00e3o completa do evento acesse:<\/p>\n<p><a style=\"color: #0000cc;\" href=\"http:\/\/www.feiradeturismorural.com.br\/seminario.asp\" target=\"_blank\">http:\/\/www.feiradeturismorural.com.br\/seminario.asp<\/a><\/p>\n<p>Servi\u00e7o: SENATUR (Semin\u00e1rio Nacional de Turismo Rural)<\/p>\n<p>Quando: De 21 a 23 de agosto<\/p>\n<p>Hor\u00e1rio: 9h \u00e0s 20h<\/p>\n<p>Local: 6\u00ba Feira Nacional de Turismo Rural (Parque da \u00c1gua Branca, S\u00e3o Paulo)<\/p>\n","protected":false},"excerpt":{"rendered":"<p>A 6\u00ba Feira Nacional de Turismo Rural, que acontece entre os dias 21 e 23 de agosto, no Parque da \u00c1gua Branca, em S\u00e3o Paulo, traz em sua programa\u00e7\u00e3o o SENATUR (Semin\u00e1rio Nacional de Turismo Rural), um semin\u00e1rio t\u00e9cnico com palestras, oficinas e lan\u00e7amentos de livros, este ano, organizado pela Universidade Anhembi Morumbi. O Semin\u00e1rio [&hellip;]<\/p>\n","protected":false},"author":2,"featured_media":0,"comment_status":"open","ping_status":"open","sticky":false,"template":"","format":"standard","meta":{"tdm_status":"","tdm_grid_status":"","footnotes":""},"categories":[22,7],"tags":[],"class_list":{"0":"post-4108","1":"post","2":"type-post","3":"status-publish","4":"format-standard","6":"category-brasil","7":"category-economia"},"_links":{"self":[{"href":"https:\/\/migracao.redenoticia.com.br\/noticia\/wp-json\/wp\/v2\/posts\/4108","targetHints":{"allow":["GET"]}}],"collection":[{"href":"https:\/\/migracao.redenoticia.com.br\/noticia\/wp-json\/wp\/v2\/posts"}],"about":[{"href":"https:\/\/migracao.redenoticia.com.br\/noticia\/wp-json\/wp\/v2\/types\/post"}],"author":[{"embeddable":true,"href":"https:\/\/migracao.redenoticia.com.br\/noticia\/wp-json\/wp\/v2\/users\/2"}],"replies":[{"embeddable":true,"href":"https:\/\/migracao.redenoticia.com.br\/noticia\/wp-json\/wp\/v2\/comments?post=4108"}],"version-history":[{"count":0,"href":"https:\/\/migracao.redenoticia.com.br\/noticia\/wp-json\/wp\/v2\/posts\/4108\/revisions"}],"wp:attachment":[{"href":"https:\/\/migracao.redenoticia.com.br\/noticia\/wp-json\/wp\/v2\/media?parent=4108"}],"wp:term":[{"taxonomy":"category","embeddable":true,"href":"https:\/\/migracao.redenoticia.com.br\/noticia\/wp-json\/wp\/v2\/categories?post=4108"},{"taxonomy":"post_tag","embeddable":true,"href":"https:\/\/migracao.redenoticia.com.br\/noticia\/wp-json\/wp\/v2\/tags?post=4108"}],"curies":[{"name":"wp","href":"https:\/\/api.w.org\/{rel}","templated":true}]}}