{"id":4112,"date":"2009-06-29T10:34:16","date_gmt":"2009-06-29T14:34:16","guid":{"rendered":"http:\/\/www.redenoticia.com.br\/noticia\/?p=4112"},"modified":"2009-06-29T10:34:16","modified_gmt":"2009-06-29T14:34:16","slug":"debates-sobre-assistencia-social-no-pais-serao-veiculados-pela-internet","status":"publish","type":"post","link":"https:\/\/migracao.redenoticia.com.br\/noticia\/2009\/debates-sobre-assistencia-social-no-pais-serao-veiculados-pela-internet\/4112","title":{"rendered":"Debates sobre assist\u00eancia social no pa\u00eds ser\u00e3o veiculados pela internet"},"content":{"rendered":"<p>Gestores, especialistas em pol\u00edticas p\u00fablicas, pesquisadores e estudantes participam na pr\u00f3xima ter\u00e7a-feira, dia 30 de junho, \u00e0s 19h, do 9\u00ba semin\u00e1rio promovido pela Funda\u00e7\u00e3o do Desenvolvimento Administrativo (Fundap), \u00f3rg\u00e3o vinculado \u00e0 Secretaria de Gest\u00e3o P\u00fablica do Estado, sobre os novos desafios da assist\u00eancia social. O evento, que acontece no audit\u00f3rio da Funda\u00e7\u00e3o, ter\u00e1 transmiss\u00e3o simult\u00e2nea pela internet.<\/p>\n<p>Internautas que quiserem assistir ao evento devem acessar o site da funda\u00e7\u00e3o, no endere\u00e7o www.fundap.sp.gov.br. O v\u00eddeo tamb\u00e9m estar\u00e1 dispon\u00edvel posteriormente para consulta no Portal Debates da Fundap ().<\/p>\n<p>Especialistas convidados analisar\u00e3o as pol\u00edticas de inclus\u00e3o social no Brasil executadas a partir de programas direcionados a comunidades socialmente vulner\u00e1veis. As Doutoras em Servi\u00e7o Social, Alda\u00edza Sposati, coordenadora da Universidade Bandeirante de S\u00e3o Paulo, e Maria do Carmo Brant de Carvalho, Superintendente do CENPEC (Centro de Estudos e Pesquisas em Educa\u00e7\u00e3o, Cultura e A\u00e7\u00e3o Comunit\u00e1ria). O vereador Floriano Pesaro, ex-secret\u00e1rio de Assist\u00eancia e Desenvolvimento Social da cidade de S\u00e3o Paulo, atuar\u00e1 como debatedor.<\/p>\n<p>Servi\u00e7o:<br \/>\n9\u00aa edi\u00e7\u00e3o do Ciclo de Semin\u00e1rios da Fundap<br \/>\nTema: Pol\u00edtica de Assist\u00eancia Social &#8211; Novos Desafios<br \/>\nData: ter\u00e7a-feira, 30 de junho, \u00e0s 9h<br \/>\nNa internet: pelo site <a href=\"http:\/\/www.fundap.sp.gov.br\">www.fundap.sp.gov.br<\/a><\/p>\n","protected":false},"excerpt":{"rendered":"<p>Gestores, especialistas em pol\u00edticas p\u00fablicas, pesquisadores e estudantes participam na pr\u00f3xima ter\u00e7a-feira, dia 30 de junho, \u00e0s 19h, do 9\u00ba semin\u00e1rio promovido pela Funda\u00e7\u00e3o do Desenvolvimento Administrativo (Fundap), \u00f3rg\u00e3o vinculado \u00e0 Secretaria de Gest\u00e3o P\u00fablica do Estado, sobre os novos desafios da assist\u00eancia social. O evento, que acontece no audit\u00f3rio da Funda\u00e7\u00e3o, ter\u00e1 transmiss\u00e3o simult\u00e2nea [&hellip;]<\/p>\n","protected":false},"author":3,"featured_media":0,"comment_status":"open","ping_status":"open","sticky":false,"template":"","format":"standard","meta":{"tdm_status":"","tdm_grid_status":"","footnotes":""},"categories":[22],"tags":[],"class_list":{"0":"post-4112","1":"post","2":"type-post","3":"status-publish","4":"format-standard","6":"category-brasil"},"_links":{"self":[{"href":"https:\/\/migracao.redenoticia.com.br\/noticia\/wp-json\/wp\/v2\/posts\/4112","targetHints":{"allow":["GET"]}}],"collection":[{"href":"https:\/\/migracao.redenoticia.com.br\/noticia\/wp-json\/wp\/v2\/posts"}],"about":[{"href":"https:\/\/migracao.redenoticia.com.br\/noticia\/wp-json\/wp\/v2\/types\/post"}],"author":[{"embeddable":true,"href":"https:\/\/migracao.redenoticia.com.br\/noticia\/wp-json\/wp\/v2\/users\/3"}],"replies":[{"embeddable":true,"href":"https:\/\/migracao.redenoticia.com.br\/noticia\/wp-json\/wp\/v2\/comments?post=4112"}],"version-history":[{"count":0,"href":"https:\/\/migracao.redenoticia.com.br\/noticia\/wp-json\/wp\/v2\/posts\/4112\/revisions"}],"wp:attachment":[{"href":"https:\/\/migracao.redenoticia.com.br\/noticia\/wp-json\/wp\/v2\/media?parent=4112"}],"wp:term":[{"taxonomy":"category","embeddable":true,"href":"https:\/\/migracao.redenoticia.com.br\/noticia\/wp-json\/wp\/v2\/categories?post=4112"},{"taxonomy":"post_tag","embeddable":true,"href":"https:\/\/migracao.redenoticia.com.br\/noticia\/wp-json\/wp\/v2\/tags?post=4112"}],"curies":[{"name":"wp","href":"https:\/\/api.w.org\/{rel}","templated":true}]}}