{"id":4115,"date":"2009-06-29T10:47:16","date_gmt":"2009-06-29T14:47:16","guid":{"rendered":"http:\/\/www.redenoticia.com.br\/noticia\/?p=4115"},"modified":"2009-06-29T10:47:16","modified_gmt":"2009-06-29T14:47:16","slug":"programa-microempreendedor-individual-mei-lancado-em-sao-paulo","status":"publish","type":"post","link":"https:\/\/migracao.redenoticia.com.br\/noticia\/2009\/programa-microempreendedor-individual-mei-lancado-em-sao-paulo\/4115","title":{"rendered":"Programa Microempreendedor Individual (MEI) lan\u00e7ado em S\u00e3o Paulo"},"content":{"rendered":"<p>S\u00e3o Paulo \u00e9 o Estado que mais avan\u00e7ou na implanta\u00e7\u00e3o do Microempreendedor Individual (MEI), que passa a valer a partir de 1\u00ba de julho e trar\u00e1 \u00e0 formalidade mais de 3,2 milh\u00f5es de empreendedores com renda de at\u00e9 R$3 mil mensais<\/p>\n<p>O Governo de S\u00e3o Paulo lan\u00e7a, na pr\u00f3xima ter\u00e7a-feira (30) ao meio-dia, em cerim\u00f4nia no Pal\u00e1cio dos Bandeirantes, as &#8220;Medidas de Apoio \u00e0 Formaliza\u00e7\u00e3o do Microempreendedor Individual (MEI) no Estado de S\u00e3o Paulo&#8221;. O evento contar\u00e1 com a presen\u00e7a do Governador Jos\u00e9 Serra; do Ministro da Previd\u00eancia Social, Jos\u00e9 Pimentel; do presidente do Sebrae Nacional, Paulo Okamoto e do secret\u00e1rio de estado do Emprego e Rela\u00e7\u00f5es do Trabalho, Guilherme Afif Domingos, entre outras autoridades.<\/p>\n<p>O evento dar\u00e1 in\u00edcio a uma nova etapa para mais de 10 milh\u00f5es de brasileiros que poder\u00e3o sair da informalidade. S\u00e3o Paulo, que possui mais de 3,2 milh\u00f5es de microempreendedores nessa situa\u00e7\u00e3o, foi o primeiro Estado a se preparar para a implanta\u00e7\u00e3o do MEI. &#8220;Este n\u00famero corresponde \u00e0 popula\u00e7\u00e3o do Uruguai, ou seja, h\u00e1 um pa\u00eds escondido no Estado de S\u00e3o Paulo. S\u00e3o pessoas que est\u00e3o fora da lei porque n\u00e3o havia uma legisla\u00e7\u00e3o que as abrigasse. E para trazer \u00e0 luz essa popula\u00e7\u00e3o, lutamos pela cria\u00e7\u00e3o do MEI&#8221;, explica o secret\u00e1rio do Emprego e Rela\u00e7\u00f5es do Trabalho do Estado de S\u00e3o Paulo, Guilherme Afif Domingos, que apresentou ao pre sidente Lula, em 2004, o projeto que deu origem ao MEI.<\/p>\n<p>MEI<\/p>\n<p>A cria\u00e7\u00e3o e regulamenta\u00e7\u00e3o do Microempreendedor Individual \u00e9 uma das iniciativas do Programa Estadual de Desburocratiza\u00e7\u00e3o (PED), presidido pela Secretaria do Emprego e Rela\u00e7\u00f5es do Trabalho (SERT), que foi levado ao Governo Federal e a partir de 1\u00ba de julho passar\u00e1 a valer em todo o Pa\u00eds. O PED foi criado, entre outros objetivos, para adequar a Lei Geral das Micro e Pequenas Empresas no Estado de S\u00e3o Paulo.<\/p>\n<p>O MEI faz parte dessa adequa\u00e7\u00e3o e tem como meta formalizar 10% dos 3,2 milh\u00f5es de informais existentes em S\u00e3o Paulo at\u00e9 o final de 2010.<\/p>\n<p>Encaixam-se no MEI, pequenos empreendedores com faturamento de at\u00e9 R$ 36 mil por ano; que tenham at\u00e9 um empregado e n\u00e3o possuam mais de um estabelecimento, nem participem de outra empresa como titular, s\u00f3cio ou administrador. Entre eles est\u00e3o: costureiras, sapateiros, manicures, barbeiros, pequenos marceneiros, encanadores e mec\u00e2nicos, que, por atuarem na economia informal, normalmente n\u00e3o pagam tributos e tamb\u00e9m n\u00e3o t\u00eam benef\u00edcios previdenci\u00e1rios.<\/p>\n<p>O empreendedor n\u00e3o precisar\u00e1 de contabilidade e nem emitir Nota Fiscal. Pagar\u00e1 uma taxa \u00fanica mensal que varia de R$ 51,15 a R$ 57,15, recolhida em um s\u00f3 carn\u00ea, que incluir\u00e1 todos os impostos (federais, estaduais e municipais).<\/p>\n","protected":false},"excerpt":{"rendered":"<p>S\u00e3o Paulo \u00e9 o Estado que mais avan\u00e7ou na implanta\u00e7\u00e3o do Microempreendedor Individual (MEI), que passa a valer a partir de 1\u00ba de julho e trar\u00e1 \u00e0 formalidade mais de 3,2 milh\u00f5es de empreendedores com renda de at\u00e9 R$3 mil mensais O Governo de S\u00e3o Paulo lan\u00e7a, na pr\u00f3xima ter\u00e7a-feira (30) ao meio-dia, em cerim\u00f4nia [&hellip;]<\/p>\n","protected":false},"author":3,"featured_media":0,"comment_status":"open","ping_status":"open","sticky":false,"template":"","format":"standard","meta":{"tdm_status":"","tdm_grid_status":"","footnotes":""},"categories":[22,7],"tags":[],"class_list":{"0":"post-4115","1":"post","2":"type-post","3":"status-publish","4":"format-standard","6":"category-brasil","7":"category-economia"},"_links":{"self":[{"href":"https:\/\/migracao.redenoticia.com.br\/noticia\/wp-json\/wp\/v2\/posts\/4115","targetHints":{"allow":["GET"]}}],"collection":[{"href":"https:\/\/migracao.redenoticia.com.br\/noticia\/wp-json\/wp\/v2\/posts"}],"about":[{"href":"https:\/\/migracao.redenoticia.com.br\/noticia\/wp-json\/wp\/v2\/types\/post"}],"author":[{"embeddable":true,"href":"https:\/\/migracao.redenoticia.com.br\/noticia\/wp-json\/wp\/v2\/users\/3"}],"replies":[{"embeddable":true,"href":"https:\/\/migracao.redenoticia.com.br\/noticia\/wp-json\/wp\/v2\/comments?post=4115"}],"version-history":[{"count":0,"href":"https:\/\/migracao.redenoticia.com.br\/noticia\/wp-json\/wp\/v2\/posts\/4115\/revisions"}],"wp:attachment":[{"href":"https:\/\/migracao.redenoticia.com.br\/noticia\/wp-json\/wp\/v2\/media?parent=4115"}],"wp:term":[{"taxonomy":"category","embeddable":true,"href":"https:\/\/migracao.redenoticia.com.br\/noticia\/wp-json\/wp\/v2\/categories?post=4115"},{"taxonomy":"post_tag","embeddable":true,"href":"https:\/\/migracao.redenoticia.com.br\/noticia\/wp-json\/wp\/v2\/tags?post=4115"}],"curies":[{"name":"wp","href":"https:\/\/api.w.org\/{rel}","templated":true}]}}