{"id":4117,"date":"2009-06-29T10:54:37","date_gmt":"2009-06-29T14:54:37","guid":{"rendered":"http:\/\/www.redenoticia.com.br\/noticia\/?p=4117"},"modified":"2009-06-29T10:54:37","modified_gmt":"2009-06-29T14:54:37","slug":"hepatite-a-pode-ser-transmitida-por-agua-contaminada-das-enchentes","status":"publish","type":"post","link":"https:\/\/migracao.redenoticia.com.br\/noticia\/2009\/hepatite-a-pode-ser-transmitida-por-agua-contaminada-das-enchentes\/4117","title":{"rendered":"Hepatite A pode ser transmitida por \u00e1gua contaminada das enchentes"},"content":{"rendered":"<p>T\u00edpicas da temporada de chuva, as cheias voltaram a assolar a Amaz\u00f4nia, causando danos \u00e0 popula\u00e7\u00e3o em v\u00e1rias cidades da regi\u00e3o. Al\u00e9m de perder todos os bens, essas pessoas ainda correm o risco de contrair doen\u00e7as transmitidas por \u00e1gua contaminada, como a hepatite A . Ao contr\u00e1rio da leptospirose, essa infec\u00e7\u00e3o no f\u00edgado pode ser prevenida por vacina, como apontam especialistas.<\/p>\n<p>Desde outubro, o Minist\u00e9rio da Sa\u00fade realiza nas capitais da Regi\u00e3o Norte o Inqu\u00e9rito Nacional das Hepatites Virais, que vai pesquisar a preval\u00eancia da hepatite A em crian\u00e7as e jovens entre 5 a 19 anos e dos tipos B e C em pessoas entre 10 a 69 anos. S\u00f3 em Bel\u00e9m, ser\u00e3o pesquisadas 1.020 pessoas.<\/p>\n<p>De transmiss\u00e3o fecal-oral, a hepatite A \u00e9 contra\u00edda por ocasi\u00e3o da ingest\u00e3o de l\u00edquidos ou alimentos contaminados pelas fezes de uma pessoa doente. Na \u00e9poca das cheias, os rios transbordam e levam toda a sorte de impurezas para as casas, estabelecimentos comerciais e carros, entre elas fezes de pessoas contaminadas com o v\u00edrus da hepatite.<\/p>\n<p>Em \u00e1reas de alta endemicidade, como nas regi\u00f5es ribeirinhas, boa parte das pessoas tem contato com o v\u00edrus da hepatite A na inf\u00e2ncia, fase da vida na qual esta infec\u00e7\u00e3o do f\u00edgado nem sempre se manifesta clinicamente. A partir dos seis anos, 70% dos infectados pelo v\u00edrus apresentam os sintomas como febre, sensa\u00e7\u00e3o de fraqueza, n\u00e1useas, v\u00f4mitos, falta de apetite, seguidos de icter\u00edcia (colora\u00e7\u00e3o amarelada dos olhos, das mucosas e da pele), urina escura e fezes esbranqui\u00e7adas.<\/p>\n<p>Na opini\u00e3o do infectologista e imunoalergologista Newton Bellesi, do Bel\u00e9m do Par\u00e1, o levantamento do Minist\u00e9rio da Sa\u00fade \u00e9 oportuno, porque a regi\u00e3o Amaz\u00f4nica vive hoje duas realidades diferentes. &#8220;Nos locais com saneamento b\u00e1sico prec\u00e1rio, onde existem muitas fossas, as pessoas entram em contato com o v\u00edrus na inf\u00e2ncia e n\u00e3o desenvolvem a doen\u00e7a. J\u00e1 nas cidades servidas por rede de esgoto, a transmiss\u00e3o ocorre ap\u00f3s a inf\u00e2ncia, o que coloca em risco a sa\u00fade da popula\u00e7\u00e3o&#8221;, afirma este m\u00e9dico, um dos fundadores da Sociedade Brasileira de Imuniza\u00e7\u00f5es (SBIm) e da regional paraense da Associa\u00e7\u00e3o Brasileira de Alergia e Imunopatologia.<\/p>\n<p>Na opini\u00e3o de Bellesi, muitas cidades est\u00e3o melhorando o sistema de saneamento b\u00e1sico, o que contribuir\u00e1 para o surgimento de uma gera\u00e7\u00e3o que ficar\u00e1 vulner\u00e1vel \u00e0 hepatite A, passada a inf\u00e2ncia. &#8220;Por isso, o melhor meio de preven\u00e7\u00e3o \u00e9 a vacina ainda na inf\u00e2ncia. Al\u00e9m de a crian\u00e7a ser a maior transmissora do v\u00edrus da hepatite A, a doen\u00e7a em adultos se manifesta de forma mais grave&#8221;, ressalta.<\/p>\n<p>Mesmo passada a enchente, o perigo continua, porque o v\u00edrus \u00e9 muito resistente e capaz de sobreviver 30 dias em alimentos secos (p\u00e3es, bolachas, etc), 10 meses em frutas congeladas a 30\u00b0 C negativos e 89 dias em \u00e1gua mineral conservada a 20\u00b0 C.<\/p>\n<p>Embora n\u00e3o deixe sequelas na maioria dos casos, a hepatite A n\u00e3o \u00e9 uma doen\u00e7a absolutamente benigna. Com alguma frequ\u00eancia demanda interna\u00e7\u00f5es por conta de complica\u00e7\u00f5es como mal-estar e desidrata\u00e7\u00e3o e, \u00e0s vezes, pela possibilidade de a doen\u00e7a evoluir para uma forma aguda grave, a hepatite fulminante. Essa forma de hepatite pode levar a \u00f3bito cerca de 0,1% das crian\u00e7as e jovens que apresentam icter\u00edcia e at\u00e9 2% dos adultos ict\u00e9ricos acima de 40 anos. Nesses casos, indica-se transplante do f\u00edgado, com todos os seus riscos.<\/p>\n<p>No Brasil, a vacina \u00e9 recomendada tanto pela Sociedade Brasileira de Pediatria (SBP) como pela Sociedade Brasileira de Imuniza\u00e7\u00f5es (SBIm), mas n\u00e3o integra o calend\u00e1rio de vacina\u00e7\u00e3o do Minist\u00e9rio da Sa\u00fade. A vacina est\u00e1 dispon\u00edvel nas cl\u00ednicas particulares para maiores de um ano e nos Centros de Refer\u00eancia de Imunobiol\u00f3gicos Especiais (CRIEs), \u00f3rg\u00e3os da rede p\u00fablica de sa\u00fade, apenas para grupos espec\u00edficos de indiv\u00edduos.<\/p>\n<p>A Sanofi Pasteur, a divis\u00e3o de vacinas do grupo Sanofi-Aventis, disponibiliza as vacinas internacionalmente conhecidas por Avaxim 80U (para crian\u00e7as e adolescentes entre um e 15 anos) e a Avaxim 160 U para os maiores de 15 anos. A vacina de uso pedi\u00e1trico pode ser aplicada a partir de 12 meses, com refor\u00e7o entre seis a 18 meses depois. Para a popula\u00e7\u00e3o maior de 15 anos, a vacina deve ser administrada com uma dose inicial e outra de refor\u00e7o.<\/p>\n","protected":false},"excerpt":{"rendered":"<p>T\u00edpicas da temporada de chuva, as cheias voltaram a assolar a Amaz\u00f4nia, causando danos \u00e0 popula\u00e7\u00e3o em v\u00e1rias cidades da regi\u00e3o. Al\u00e9m de perder todos os bens, essas pessoas ainda correm o risco de contrair doen\u00e7as transmitidas por \u00e1gua contaminada, como a hepatite A . Ao contr\u00e1rio da leptospirose, essa infec\u00e7\u00e3o no f\u00edgado pode ser [&hellip;]<\/p>\n","protected":false},"author":3,"featured_media":0,"comment_status":"open","ping_status":"open","sticky":false,"template":"","format":"standard","meta":{"tdm_status":"","tdm_grid_status":"","footnotes":""},"categories":[22,5],"tags":[],"class_list":{"0":"post-4117","1":"post","2":"type-post","3":"status-publish","4":"format-standard","6":"category-brasil","7":"category-saude-e-vida"},"_links":{"self":[{"href":"https:\/\/migracao.redenoticia.com.br\/noticia\/wp-json\/wp\/v2\/posts\/4117","targetHints":{"allow":["GET"]}}],"collection":[{"href":"https:\/\/migracao.redenoticia.com.br\/noticia\/wp-json\/wp\/v2\/posts"}],"about":[{"href":"https:\/\/migracao.redenoticia.com.br\/noticia\/wp-json\/wp\/v2\/types\/post"}],"author":[{"embeddable":true,"href":"https:\/\/migracao.redenoticia.com.br\/noticia\/wp-json\/wp\/v2\/users\/3"}],"replies":[{"embeddable":true,"href":"https:\/\/migracao.redenoticia.com.br\/noticia\/wp-json\/wp\/v2\/comments?post=4117"}],"version-history":[{"count":0,"href":"https:\/\/migracao.redenoticia.com.br\/noticia\/wp-json\/wp\/v2\/posts\/4117\/revisions"}],"wp:attachment":[{"href":"https:\/\/migracao.redenoticia.com.br\/noticia\/wp-json\/wp\/v2\/media?parent=4117"}],"wp:term":[{"taxonomy":"category","embeddable":true,"href":"https:\/\/migracao.redenoticia.com.br\/noticia\/wp-json\/wp\/v2\/categories?post=4117"},{"taxonomy":"post_tag","embeddable":true,"href":"https:\/\/migracao.redenoticia.com.br\/noticia\/wp-json\/wp\/v2\/tags?post=4117"}],"curies":[{"name":"wp","href":"https:\/\/api.w.org\/{rel}","templated":true}]}}