{"id":4125,"date":"2009-06-29T11:53:42","date_gmt":"2009-06-29T15:53:42","guid":{"rendered":"http:\/\/www.redenoticia.com.br\/noticia\/?p=4125"},"modified":"2009-06-29T11:53:42","modified_gmt":"2009-06-29T15:53:42","slug":"fundacao-cultural-de-ji-parana-realizara-recital-no-teatro-dominguinhos","status":"publish","type":"post","link":"https:\/\/migracao.redenoticia.com.br\/noticia\/2009\/fundacao-cultural-de-ji-parana-realizara-recital-no-teatro-dominguinhos\/4125","title":{"rendered":"Funda\u00e7\u00e3o Cultural de Ji-Paran\u00e1 realizar\u00e1 recital no Teatro Dominguinhos"},"content":{"rendered":"<p>A Escola Municipal de M\u00fasica Walter B\u00e1rtolo, coordenada pela Funda\u00e7\u00e3o Cultural de Ji-Paran\u00e1 (FCJP), realizar\u00e1 na quarta e quinta-feira (1\u00ba e 2 de julho), \u00e0s 19 horas, no Teatro Dominguinhos, recitais dos alunos com um repert\u00f3rio de m\u00fasicas cl\u00e1ssicas e MPB. O evento ter\u00e1 entrada franca.<\/p>\n<p>De acordo com o coordenador da \u00e1rea musical da escola, professor Edmilson Costa, o recital marcar\u00e1 o encerramento do primeiro semestre de 2009, e tem como objetivo valorizar os talentos e encorajar os alunos ao contato com o p\u00fablico. \u201cEstas apresenta\u00e7\u00f5es t\u00eam agradado o p\u00fablico e servem como incentivo para que os alunos se familiarizarem com o palco\u201d, disse Costa.<\/p>\n<p><strong>Vagas para novos alunos de m\u00fasica &#8211; <\/strong>No per\u00edodo de 6 a 10 de julho estar\u00e3o abertas as inscri\u00e7\u00f5es para as novas vagas para alunos de m\u00fasica. As matr\u00edculas poder\u00e3o ser efetuadas na sede da Funda\u00e7\u00e3o Cultural, \u00e0 Rua Tenente Ant\u00f4nio Jo\u00e3o n\u00ba 1.3008 \u2013 Vila Jot\u00e3o, em hor\u00e1rio comercial. Segundo a vice-presidente da FCJP, Regina Maria Vilas Boas, as vagas s\u00e3o limitadas e as matr\u00edculas para cada modalidade do curso se encerrar\u00e3o \u00e0 medida que forem sendo preenchidas<\/p>\n","protected":false},"excerpt":{"rendered":"<p>A Escola Municipal de M\u00fasica Walter B\u00e1rtolo, coordenada pela Funda\u00e7\u00e3o Cultural de Ji-Paran\u00e1 (FCJP), realizar\u00e1 na quarta e quinta-feira (1\u00ba e 2 de julho), \u00e0s 19 horas, no Teatro Dominguinhos, recitais dos alunos com um repert\u00f3rio de m\u00fasicas cl\u00e1ssicas e MPB. O evento ter\u00e1 entrada franca. De acordo com o coordenador da \u00e1rea musical da [&hellip;]<\/p>\n","protected":false},"author":3,"featured_media":0,"comment_status":"open","ping_status":"open","sticky":false,"template":"","format":"standard","meta":{"tdm_status":"","tdm_grid_status":"","footnotes":""},"categories":[22],"tags":[],"class_list":{"0":"post-4125","1":"post","2":"type-post","3":"status-publish","4":"format-standard","6":"category-brasil"},"_links":{"self":[{"href":"https:\/\/migracao.redenoticia.com.br\/noticia\/wp-json\/wp\/v2\/posts\/4125","targetHints":{"allow":["GET"]}}],"collection":[{"href":"https:\/\/migracao.redenoticia.com.br\/noticia\/wp-json\/wp\/v2\/posts"}],"about":[{"href":"https:\/\/migracao.redenoticia.com.br\/noticia\/wp-json\/wp\/v2\/types\/post"}],"author":[{"embeddable":true,"href":"https:\/\/migracao.redenoticia.com.br\/noticia\/wp-json\/wp\/v2\/users\/3"}],"replies":[{"embeddable":true,"href":"https:\/\/migracao.redenoticia.com.br\/noticia\/wp-json\/wp\/v2\/comments?post=4125"}],"version-history":[{"count":0,"href":"https:\/\/migracao.redenoticia.com.br\/noticia\/wp-json\/wp\/v2\/posts\/4125\/revisions"}],"wp:attachment":[{"href":"https:\/\/migracao.redenoticia.com.br\/noticia\/wp-json\/wp\/v2\/media?parent=4125"}],"wp:term":[{"taxonomy":"category","embeddable":true,"href":"https:\/\/migracao.redenoticia.com.br\/noticia\/wp-json\/wp\/v2\/categories?post=4125"},{"taxonomy":"post_tag","embeddable":true,"href":"https:\/\/migracao.redenoticia.com.br\/noticia\/wp-json\/wp\/v2\/tags?post=4125"}],"curies":[{"name":"wp","href":"https:\/\/api.w.org\/{rel}","templated":true}]}}