{"id":4131,"date":"2009-06-29T12:12:12","date_gmt":"2009-06-29T16:12:12","guid":{"rendered":"http:\/\/www.redenoticia.com.br\/noticia\/?p=4131"},"modified":"2009-06-29T12:12:12","modified_gmt":"2009-06-29T16:12:12","slug":"inss-credita-aposentadoria-com-final-5-e-acima-do-piso-comeca-na-quarta-feira","status":"publish","type":"post","link":"https:\/\/migracao.redenoticia.com.br\/noticia\/2009\/inss-credita-aposentadoria-com-final-5-e-acima-do-piso-comeca-na-quarta-feira\/4131","title":{"rendered":"INSS credita aposentadoria com final 5 e acima do piso come\u00e7a na quarta-feira"},"content":{"rendered":"<p>O Instituto Nacional do Seguro Social (INSS) credita, nesta ter\u00e7a-feira (30), o benef\u00edcio de aposentados, pensionistas e demais segurados que recebem at\u00e9 um sal\u00e1rio m\u00ednimo e t\u00eam cart\u00e3o com final 5, desconsiderando-se o d\u00edgito. O pagamento dos que ganham at\u00e9 o piso nacional e t\u00eam cart\u00e3o com final entre 6 e 0 ocorre at\u00e9 o dia 7 de julho.<\/p>\n<p>Os segurados que recebem acima do sal\u00e1rio m\u00ednimo come\u00e7am a receber nesta quarta-feira (1\u00ba), quando ser\u00e3o pagos os portadores de cart\u00e3o com finais 1 e 6, desconsiderando-se o d\u00edgito. A folha de junho pagar\u00e1 mais de 26 milh\u00f5es de benef\u00edcios em todo o Brasil<\/p>\n<p>Os segurados que tiverem d\u00favidas sobre o calend\u00e1rio podem ligar para os operadores da Central 135. Outra alternativa \u00e9 acessar o site da Previd\u00eancia Social (www.previdencia.gov.br) e clicar no link &#8220;Extrato de Pagamento de Benef\u00edcio&#8221;, que fica na se\u00e7\u00e3o \u201cAg\u00eancia Eletr\u00f4nica: Segurado\u201d.<\/p>\n<p>ACS\/MPS<\/p>\n","protected":false},"excerpt":{"rendered":"<p>O Instituto Nacional do Seguro Social (INSS) credita, nesta ter\u00e7a-feira (30), o benef\u00edcio de aposentados, pensionistas e demais segurados que recebem at\u00e9 um sal\u00e1rio m\u00ednimo e t\u00eam cart\u00e3o com final 5, desconsiderando-se o d\u00edgito. O pagamento dos que ganham at\u00e9 o piso nacional e t\u00eam cart\u00e3o com final entre 6 e 0 ocorre at\u00e9 o [&hellip;]<\/p>\n","protected":false},"author":3,"featured_media":0,"comment_status":"open","ping_status":"open","sticky":false,"template":"","format":"standard","meta":{"tdm_status":"","tdm_grid_status":"","footnotes":""},"categories":[22,7],"tags":[],"class_list":{"0":"post-4131","1":"post","2":"type-post","3":"status-publish","4":"format-standard","6":"category-brasil","7":"category-economia"},"_links":{"self":[{"href":"https:\/\/migracao.redenoticia.com.br\/noticia\/wp-json\/wp\/v2\/posts\/4131","targetHints":{"allow":["GET"]}}],"collection":[{"href":"https:\/\/migracao.redenoticia.com.br\/noticia\/wp-json\/wp\/v2\/posts"}],"about":[{"href":"https:\/\/migracao.redenoticia.com.br\/noticia\/wp-json\/wp\/v2\/types\/post"}],"author":[{"embeddable":true,"href":"https:\/\/migracao.redenoticia.com.br\/noticia\/wp-json\/wp\/v2\/users\/3"}],"replies":[{"embeddable":true,"href":"https:\/\/migracao.redenoticia.com.br\/noticia\/wp-json\/wp\/v2\/comments?post=4131"}],"version-history":[{"count":0,"href":"https:\/\/migracao.redenoticia.com.br\/noticia\/wp-json\/wp\/v2\/posts\/4131\/revisions"}],"wp:attachment":[{"href":"https:\/\/migracao.redenoticia.com.br\/noticia\/wp-json\/wp\/v2\/media?parent=4131"}],"wp:term":[{"taxonomy":"category","embeddable":true,"href":"https:\/\/migracao.redenoticia.com.br\/noticia\/wp-json\/wp\/v2\/categories?post=4131"},{"taxonomy":"post_tag","embeddable":true,"href":"https:\/\/migracao.redenoticia.com.br\/noticia\/wp-json\/wp\/v2\/tags?post=4131"}],"curies":[{"name":"wp","href":"https:\/\/api.w.org\/{rel}","templated":true}]}}