{"id":4134,"date":"2009-06-29T13:20:43","date_gmt":"2009-06-29T17:20:43","guid":{"rendered":"http:\/\/www.redenoticia.com.br\/noticia\/?p=4134"},"modified":"2009-06-29T13:20:43","modified_gmt":"2009-06-29T17:20:43","slug":"unifesp-divulga-edital-para-pedido-de-isencao-de-taxa-do-vestibular-2010","status":"publish","type":"post","link":"https:\/\/migracao.redenoticia.com.br\/noticia\/2009\/unifesp-divulga-edital-para-pedido-de-isencao-de-taxa-do-vestibular-2010\/4134","title":{"rendered":"UNIFESP divulga edital para pedido de isen\u00e7\u00e3o de taxa do vestibular 2010"},"content":{"rendered":"<p>A Universidade Federal de S\u00e3o Paulo (UNIFESP) divulga o edital para isen\u00e7\u00e3o de pagamento da taxa de inscri\u00e7\u00e3o para a segunda fase do VESTIBULAR UNIFESP 2010. Dos 26 cursos, sete utilizar\u00e3o a nota do Enem e a nota da prova com quest\u00f5es de\u00a0L\u00edngua Portuguesa, estrangeira, reda\u00e7\u00e3o e conhecimentos espec\u00edficos. As provas ser\u00e3o realizadas nos dias 17 e 18 de dezembro de 2009.<\/p>\n<p>Veja os cursos que ter\u00e3o duas fases de vestibular:<\/p>\n<p><strong><span style=\"text-decoration: underline;\">CAMPUS DIADEMA<\/span><\/strong><\/p>\n<p>Ci\u00eancias Biol\u00f3gicas (Bacharelado)<\/p>\n<p>Engenharia Qu\u00edmica (Bacharelado)<\/p>\n<p><strong><span style=\"text-decoration: underline;\">CAMPUS GUARULHOS<\/span><\/strong><\/p>\n<p>Letras (Bacharelado e Licenciatura &#8211; Habilita\u00e7\u00e3o em Portugu\u00eas ou Portugu\u00eas\/Espanhol ou Portugu\u00eas\/Franc\u00eas ou Portugu\u00eas\/Ingl\u00eas)<\/p>\n<p><strong><span style=\"text-decoration: underline;\">CAMPUS S\u00c3O PAULO<\/span><\/strong><\/p>\n<p>Ci\u00eancias Biol\u00f3gicas &#8211; modalidade m\u00e9dica (Bacharelado)<\/p>\n<p>Enfermagem (Bacharelado)<\/p>\n<p>Fonoaudiologia (Bacharelado)<\/p>\n<p>Medicina (Bacharelado)<\/p>\n<p>O benef\u00edcio da isen\u00e7\u00e3o ser\u00e1 concedido ao candidato que, CUMULATIVAMENTE, preencha os seguintes requisitos:<\/p>\n<p>&#8211; Ter realizado inscri\u00e7\u00e3o em 2009 para o Exame Nacional do Ensino M\u00e9dio \u2013 ENEM;<\/p>\n<p>&#8211; Ter conclu\u00eddo o Ensino M\u00e9dio at\u00e9 o final de 2009 em institui\u00e7\u00e3o p\u00fablica; ou em institui\u00e7\u00e3o particular com concess\u00e3o de bolsa de estudo integral;<\/p>\n<p>&#8211; N\u00e3o estar cursando ou ter conclu\u00eddo curso superior;<\/p>\n<p>&#8211; Ter renda familiar mensal igual ou inferior a R$ 465,00 (quatrocentos e sessenta e cinco reais)\u00a0<em>per capita<\/em>;<\/p>\n<p><strong>O per\u00edodo de inscri\u00e7\u00e3o para solicita\u00e7\u00e3o do benef\u00edcio vai at\u00e9 o dia 23 de julho de 2009, \u00e0s 16h. O requerimento de isen\u00e7\u00e3o deve ser acessado, exclusivamente, no endere\u00e7o\u00a0<span style=\"text-decoration: underline;\"><a href=\"http:\/\/vestibular.unifesp.br\" target=\"_blank\">http:\/\/vestibular.unifesp.br<\/a><\/span>.<\/strong><\/p>\n<p>Encaminhar, por SEDEX ou por qualquer outra modalidade de correspond\u00eancia com Aviso de Recebimento &#8211; AR, at\u00e9 24 de julho de 2009, o Protocolo de Inscri\u00e7\u00e3o, acompanhado dos documentos comprobat\u00f3rios, fazendo constar no envelope:<\/p>\n<table border=\"0\" cellspacing=\"0\" cellpadding=\"0\">\n<tbody>\n<tr>\n<td width=\"608\">\n<p align=\"center\">Vestibular UNIFESP 2010 &#8211; Pr\u00f3-Reitoria de   Gradua\u00e7\u00e3o<\/p>\n<p align=\"center\">(Isen\u00e7\u00e3o de Pagamento da Taxa de Inscri\u00e7\u00e3o \u2013 2\u00aa   fase)<\/p>\n<p align=\"center\">Rua Pedro de Toledo, 650 &#8211; 1\u00ba Andar, Vila   Clementino, S\u00e3o Paulo\/SP<\/p>\n<p align=\"center\">CEP 04039-002<\/p>\n<\/td>\n<\/tr>\n<\/tbody>\n<\/table>\n<p>Os seguintes documentos devem ser encaminhados em fotoc\u00f3pia simples:<\/p>\n<p>&#8211; documento de identidade: RG ou RNE;<\/p>\n<p>&#8211; frente e verso do hist\u00f3rico escolar do Ensino M\u00e9dio ou declara\u00e7\u00e3o original fornecida pelo estabelecimento de ensino, em papel timbrado, assinada pela autoridade respons\u00e1vel, com a identifica\u00e7\u00e3o por carimbo do nome e cargo, informando que a escola \u00e9 p\u00fablica e que o aluno concluiu ou est\u00e1 matriculado e cursando a 3\u00aa s\u00e9rie do ensino m\u00e9dio. Na declara\u00e7\u00e3o, devem constar, obrigatoriamente, os nomes completos das escolas em que o candidato cursou as 1\u00aa e 2\u00aa s\u00e9ries do ensino m\u00e9dio;<\/p>\n<p>&#8211; Caso uma das s\u00e9ries tenha sido cursada em escola particular, deve ser fornecida uma declara\u00e7\u00e3o da escola informando a concess\u00e3o de bolsa de estudos integral;<\/p>\n<p>&#8211; Protocolo do Requerimento de Inscri\u00e7\u00e3o para Isen\u00e7\u00e3o de Pagamento da Taxa de Inscri\u00e7\u00e3o;<\/p>\n<p>O resultado do pedido de isen\u00e7\u00e3o ser\u00e1 divulgado oficialmente, \u00e0s 16h de 31 de agosto de 2009, exclusivamente pelo site<strong><span style=\"text-decoration: underline;\"><a href=\"http:\/\/vestibular.unifesp.br\" target=\"_blank\">http:\/\/vestibular.unifesp.br<\/a><\/span><\/strong>.<\/p>\n<p>O candidato beneficiado com a isen\u00e7\u00e3o dever\u00e1 efetivar sua inscri\u00e7\u00e3o do Vestibular UNIFESP 2010, pela internet, no endere\u00e7o eletr\u00f4nico:\u00a0<strong><span style=\"text-decoration: underline;\"><a href=\"http:\/\/vestibular.unifesp.br\" target=\"_blank\">http:\/\/vestibular.unifesp.br<\/a><\/span><\/strong>, no per\u00edodo de 01 a 30 de setembro de 2009.<\/p>\n","protected":false},"excerpt":{"rendered":"<p>A Universidade Federal de S\u00e3o Paulo (UNIFESP) divulga o edital para isen\u00e7\u00e3o de pagamento da taxa de inscri\u00e7\u00e3o para a segunda fase do VESTIBULAR UNIFESP 2010. Dos 26 cursos, sete utilizar\u00e3o a nota do Enem e a nota da prova com quest\u00f5es de\u00a0L\u00edngua Portuguesa, estrangeira, reda\u00e7\u00e3o e conhecimentos espec\u00edficos. As provas ser\u00e3o realizadas nos dias [&hellip;]<\/p>\n","protected":false},"author":2,"featured_media":0,"comment_status":"open","ping_status":"open","sticky":false,"template":"","format":"standard","meta":{"tdm_status":"","tdm_grid_status":"","footnotes":""},"categories":[22],"tags":[],"class_list":{"0":"post-4134","1":"post","2":"type-post","3":"status-publish","4":"format-standard","6":"category-brasil"},"_links":{"self":[{"href":"https:\/\/migracao.redenoticia.com.br\/noticia\/wp-json\/wp\/v2\/posts\/4134","targetHints":{"allow":["GET"]}}],"collection":[{"href":"https:\/\/migracao.redenoticia.com.br\/noticia\/wp-json\/wp\/v2\/posts"}],"about":[{"href":"https:\/\/migracao.redenoticia.com.br\/noticia\/wp-json\/wp\/v2\/types\/post"}],"author":[{"embeddable":true,"href":"https:\/\/migracao.redenoticia.com.br\/noticia\/wp-json\/wp\/v2\/users\/2"}],"replies":[{"embeddable":true,"href":"https:\/\/migracao.redenoticia.com.br\/noticia\/wp-json\/wp\/v2\/comments?post=4134"}],"version-history":[{"count":0,"href":"https:\/\/migracao.redenoticia.com.br\/noticia\/wp-json\/wp\/v2\/posts\/4134\/revisions"}],"wp:attachment":[{"href":"https:\/\/migracao.redenoticia.com.br\/noticia\/wp-json\/wp\/v2\/media?parent=4134"}],"wp:term":[{"taxonomy":"category","embeddable":true,"href":"https:\/\/migracao.redenoticia.com.br\/noticia\/wp-json\/wp\/v2\/categories?post=4134"},{"taxonomy":"post_tag","embeddable":true,"href":"https:\/\/migracao.redenoticia.com.br\/noticia\/wp-json\/wp\/v2\/tags?post=4134"}],"curies":[{"name":"wp","href":"https:\/\/api.w.org\/{rel}","templated":true}]}}