{"id":4140,"date":"2009-06-29T13:33:25","date_gmt":"2009-06-29T17:33:25","guid":{"rendered":"http:\/\/www.redenoticia.com.br\/noticia\/?p=4140"},"modified":"2009-06-29T13:33:25","modified_gmt":"2009-06-29T17:33:25","slug":"secretario-regional-de-ji-parana-prestigia-encontro-de-contabilistas","status":"publish","type":"post","link":"https:\/\/migracao.redenoticia.com.br\/noticia\/2009\/secretario-regional-de-ji-parana-prestigia-encontro-de-contabilistas\/4140","title":{"rendered":"Secret\u00e1rio Regional de Ji-Paran\u00e1 prestigia encontro de Contabilistas"},"content":{"rendered":"<p><strong><br \/>\n<\/strong><\/p>\n<p>O secret\u00e1rio regional do Governo do Estado, Ari Saraiva, representando a primeira dama, Ivone Cassol, participou no \u00faltimo final de semana do V Encontro da Mulher Contabilista, com o tema Desenvolvimento com Sustentabilidade, no audit\u00f3rio do Ceulji\/Ulbra em Ji-Paran\u00e1. O evento foi organizado pelo Conselho Regional de Contabilidade do Estado de Rond\u00f4nia (CRC\/RO). \u201cEste encontro \u00e9 importante para homenagear as mulheres, que atualmente correspondem a 47% dos contabilistas de Rond\u00f4nia, al\u00e9m de debater a import\u00e2ncia do desenvolvimento levando em considera\u00e7\u00e3o a concep\u00e7\u00e3o de sustentabilidade nos aspectos econ\u00f4mico, social e ambiental\u201d, comentou Ari Saraiva.<\/p>\n<p>A solenidade de abertura do evento aconteceu na \u00faltima sexta-feira (26), com o show do humor\u00edstico com Jo\u00e3o Cl\u00e1udio Moreno, coquetel e show musical. De acordo com a conselheira do CRC, Vilma F\u00e1tima Mendes, este encontro visa incentivar maior participa\u00e7\u00e3o no aspecto profissional, social e pol\u00edtico, al\u00e9m de mostrar a atua\u00e7\u00e3o delas no Estado. \u201cAtualmente em Rond\u00f4nia tem 3.527 contabilistas e destes 1.495 s\u00e3o mulheres\u201d, informou Vilma Mendes.<\/p>\n<p>O evento encerrou no s\u00e1bado com o Talk Show: Desenvolvimento Sustetabilidade; palestras Aspectos Ambientais e Cont\u00e1beis dos Cr\u00e9ditos de Carbono, Converg\u00eancia aos Padr\u00f5es Internacionais \u2013 Aspectos Gerenciais e Pr\u00e1ticos, O papel cultural da mulher no desenvolvimento sustent\u00e1vel; sorteios de brindes e o caf\u00e9 da saudade. \u201cNeste V Encontro, com o tema ousado Desenvolvimento com Sustentabilidade, foi discutido a busca do equil\u00edbrio entre o crescimento econ\u00f4mico e o desenvolvimento humano, no sentido da sustentabilidade da vida humana e o desenvolvimento que satisfaz as necessidades do presente, sem comprometer a capacidade das gera\u00e7\u00f5es futuras\u201d, finalizou o presidente do CRC\/RO, Jos\u00e9 Domingos Filho.<\/p>\n<p><strong>Fonte: <\/strong>DECOM &#8211; Departamento de Comunica\u00e7\u00e3o Social<\/p>\n","protected":false},"excerpt":{"rendered":"<p>O secret\u00e1rio regional do Governo do Estado, Ari Saraiva, representando a primeira dama, Ivone Cassol, participou no \u00faltimo final de semana do V Encontro da Mulher Contabilista, com o tema Desenvolvimento com Sustentabilidade, no audit\u00f3rio do Ceulji\/Ulbra em Ji-Paran\u00e1. O evento foi organizado pelo Conselho Regional de Contabilidade do Estado de Rond\u00f4nia (CRC\/RO). \u201cEste encontro [&hellip;]<\/p>\n","protected":false},"author":3,"featured_media":0,"comment_status":"open","ping_status":"open","sticky":false,"template":"","format":"standard","meta":{"tdm_status":"","tdm_grid_status":"","footnotes":""},"categories":[22],"tags":[],"class_list":{"0":"post-4140","1":"post","2":"type-post","3":"status-publish","4":"format-standard","6":"category-brasil"},"_links":{"self":[{"href":"https:\/\/migracao.redenoticia.com.br\/noticia\/wp-json\/wp\/v2\/posts\/4140","targetHints":{"allow":["GET"]}}],"collection":[{"href":"https:\/\/migracao.redenoticia.com.br\/noticia\/wp-json\/wp\/v2\/posts"}],"about":[{"href":"https:\/\/migracao.redenoticia.com.br\/noticia\/wp-json\/wp\/v2\/types\/post"}],"author":[{"embeddable":true,"href":"https:\/\/migracao.redenoticia.com.br\/noticia\/wp-json\/wp\/v2\/users\/3"}],"replies":[{"embeddable":true,"href":"https:\/\/migracao.redenoticia.com.br\/noticia\/wp-json\/wp\/v2\/comments?post=4140"}],"version-history":[{"count":0,"href":"https:\/\/migracao.redenoticia.com.br\/noticia\/wp-json\/wp\/v2\/posts\/4140\/revisions"}],"wp:attachment":[{"href":"https:\/\/migracao.redenoticia.com.br\/noticia\/wp-json\/wp\/v2\/media?parent=4140"}],"wp:term":[{"taxonomy":"category","embeddable":true,"href":"https:\/\/migracao.redenoticia.com.br\/noticia\/wp-json\/wp\/v2\/categories?post=4140"},{"taxonomy":"post_tag","embeddable":true,"href":"https:\/\/migracao.redenoticia.com.br\/noticia\/wp-json\/wp\/v2\/tags?post=4140"}],"curies":[{"name":"wp","href":"https:\/\/api.w.org\/{rel}","templated":true}]}}