{"id":4152,"date":"2009-06-29T15:07:56","date_gmt":"2009-06-29T19:07:56","guid":{"rendered":"http:\/\/www.redenoticia.com.br\/noticia\/?p=4152"},"modified":"2009-06-29T21:59:01","modified_gmt":"2009-06-30T01:59:01","slug":"rodrigo-faro-continua-na-record","status":"publish","type":"post","link":"https:\/\/migracao.redenoticia.com.br\/noticia\/2009\/rodrigo-faro-continua-na-record\/4152","title":{"rendered":"Rodrigo Faro continua na RECORD"},"content":{"rendered":"<p><a href=\"https:\/\/migracao.redenoticia.com.br\/noticia\/imagens\/\/rodrigo.jpg\"><img loading=\"lazy\" decoding=\"async\" class=\"alignleft size-medium wp-image-4211\" title=\"rodrigo\" src=\"https:\/\/migracao.redenoticia.com.br\/noticia\/imagens\/\/rodrigo-249x187.jpg\" alt=\"rodrigo\" width=\"249\" height=\"187\" \/><\/a>A Rede Record tem o prazer de informar que o apresentador Rodrigo Faro acaba de renovar contrato com a emissora por oito anos.  Rodrigo permanece na apresenta\u00e7\u00e3o de &#8220;O Melhor do Brasil&#8221; e, tamb\u00e9m, da nova temporada de &#8220;\u00cddolos&#8221;, que estr\u00e9ia no pr\u00f3ximo dia 18 de agosto.<\/p>\n<p>O compromisso de Rodrigo Faro com a Record vai at\u00e9 2017.<\/p>\n<p>Na \u00faltima quinta (25) a emissora contratou o apresentador Gugu. A Record oferece a Gugu, al\u00e9m de estrutura de produ\u00e7\u00e3o, a possibilidade de intera\u00e7\u00e3o com os departamentos de jornalismo, esportes e dramaturgia.<\/p>\n<p>Gugu vai apresentar um programa dominical que ser\u00e1 retransmitido pela Record Internacional, que atinge 150 pa\u00edses no mundo inteiro. Al\u00e9m disso, ele ter\u00e1 um programa de entrevistas, um antigo desejo do comunicador.<\/p>\n","protected":false},"excerpt":{"rendered":"<p>A Rede Record tem o prazer de informar que o apresentador Rodrigo Faro acaba de renovar contrato com a emissora por oito anos. Rodrigo permanece na apresenta\u00e7\u00e3o de &#8220;O Melhor do Brasil&#8221; e, tamb\u00e9m, da nova temporada de &#8220;\u00cddolos&#8221;, que estr\u00e9ia no pr\u00f3ximo dia 18 de agosto. O compromisso de Rodrigo Faro com a Record [&hellip;]<\/p>\n","protected":false},"author":3,"featured_media":0,"comment_status":"open","ping_status":"open","sticky":false,"template":"","format":"standard","meta":{"tdm_status":"","tdm_grid_status":"","footnotes":""},"categories":[22],"tags":[],"class_list":{"0":"post-4152","1":"post","2":"type-post","3":"status-publish","4":"format-standard","6":"category-brasil"},"_links":{"self":[{"href":"https:\/\/migracao.redenoticia.com.br\/noticia\/wp-json\/wp\/v2\/posts\/4152","targetHints":{"allow":["GET"]}}],"collection":[{"href":"https:\/\/migracao.redenoticia.com.br\/noticia\/wp-json\/wp\/v2\/posts"}],"about":[{"href":"https:\/\/migracao.redenoticia.com.br\/noticia\/wp-json\/wp\/v2\/types\/post"}],"author":[{"embeddable":true,"href":"https:\/\/migracao.redenoticia.com.br\/noticia\/wp-json\/wp\/v2\/users\/3"}],"replies":[{"embeddable":true,"href":"https:\/\/migracao.redenoticia.com.br\/noticia\/wp-json\/wp\/v2\/comments?post=4152"}],"version-history":[{"count":0,"href":"https:\/\/migracao.redenoticia.com.br\/noticia\/wp-json\/wp\/v2\/posts\/4152\/revisions"}],"wp:attachment":[{"href":"https:\/\/migracao.redenoticia.com.br\/noticia\/wp-json\/wp\/v2\/media?parent=4152"}],"wp:term":[{"taxonomy":"category","embeddable":true,"href":"https:\/\/migracao.redenoticia.com.br\/noticia\/wp-json\/wp\/v2\/categories?post=4152"},{"taxonomy":"post_tag","embeddable":true,"href":"https:\/\/migracao.redenoticia.com.br\/noticia\/wp-json\/wp\/v2\/tags?post=4152"}],"curies":[{"name":"wp","href":"https:\/\/api.w.org\/{rel}","templated":true}]}}