{"id":4167,"date":"2009-06-29T15:43:53","date_gmt":"2009-06-29T19:43:53","guid":{"rendered":"http:\/\/www.redenoticia.com.br\/noticia\/?p=4167"},"modified":"2009-06-29T15:43:53","modified_gmt":"2009-06-29T19:43:53","slug":"nota-oficial-da-forca-sindical-sobre-prorrogacao-do-ipi","status":"publish","type":"post","link":"https:\/\/migracao.redenoticia.com.br\/noticia\/2009\/nota-oficial-da-forca-sindical-sobre-prorrogacao-do-ipi\/4167","title":{"rendered":"Nota oficial da For\u00e7a Sindical sobre prorroga\u00e7\u00e3o do IPI"},"content":{"rendered":"<p>A dire\u00e7\u00e3o da For\u00e7a Sindical divulgou hoje a seguinte nota sobre a prorroga\u00e7\u00e3o da isen\u00e7\u00e3o do IPI (Imposto sobre Produtos Industrializados) para determinados setores:<\/p>\n<p>A prorroga\u00e7\u00e3o da isen\u00e7\u00e3o do IPI (Imposto sobre Produtos Industrializados) para os setores automobil\u00edstico, eletrodom\u00e9sticos e de material de constru\u00e7\u00e3o \u00e9 uma importante medida, neste momento de incertezas econ\u00f4micas, para mantermos o consumo aquecido e a manuten\u00e7\u00e3o dos empregos diretos e indiretos gerados pelas respectivas cadeias produtivas. Vale destacar que a redu\u00e7\u00e3o de imposto \u00e9 uma antiga reivindica\u00e7\u00e3o da For\u00e7a Sindical.<\/p>\n<p>A cria\u00e7\u00e3o dos fundos garantidores de cr\u00e9dito para a compra de m\u00e1quinas e equipamentos para a ind\u00fastria ir\u00e1 ajudar o setor que j\u00e1 demitiu milhares de trabalhadores este ano.<\/p>\n<p>Lamentamos a insensibilidade do governo de n\u00e3o estender a redu\u00e7\u00e3o do imposto para o freezer, como pleiteava as entidades sindicais de trabalhadores e patronais. Esta medida com certeza traria enormes benef\u00edcios e garantiria os postos de trabalho nas empresas, que est\u00e3o amea\u00e7ados, devida a queda na produ\u00e7\u00e3o e nas vendas deste produto.<\/p>\n<p>A For\u00e7a Sindical, atrav\u00e9s do deputado federal Paulo Pereira da Silva, o Paulinho, ir\u00e1 entrar com um requerimento na pr\u00f3xima quarta-feira na Comiss\u00e3o de Trabalho da C\u00e2mara cobrando explica\u00e7\u00f5es das empresas que n\u00e3o repassaram a redu\u00e7\u00e3o do IPI (Imposto sobre Produtos Industrializados) durante a vig\u00eancia do corte deste imposto.<\/p>\n","protected":false},"excerpt":{"rendered":"<p>A dire\u00e7\u00e3o da For\u00e7a Sindical divulgou hoje a seguinte nota sobre a prorroga\u00e7\u00e3o da isen\u00e7\u00e3o do IPI (Imposto sobre Produtos Industrializados) para determinados setores: A prorroga\u00e7\u00e3o da isen\u00e7\u00e3o do IPI (Imposto sobre Produtos Industrializados) para os setores automobil\u00edstico, eletrodom\u00e9sticos e de material de constru\u00e7\u00e3o \u00e9 uma importante medida, neste momento de incertezas econ\u00f4micas, para mantermos [&hellip;]<\/p>\n","protected":false},"author":3,"featured_media":0,"comment_status":"open","ping_status":"open","sticky":false,"template":"","format":"standard","meta":{"tdm_status":"","tdm_grid_status":"","footnotes":""},"categories":[22,7],"tags":[],"class_list":{"0":"post-4167","1":"post","2":"type-post","3":"status-publish","4":"format-standard","6":"category-brasil","7":"category-economia"},"_links":{"self":[{"href":"https:\/\/migracao.redenoticia.com.br\/noticia\/wp-json\/wp\/v2\/posts\/4167","targetHints":{"allow":["GET"]}}],"collection":[{"href":"https:\/\/migracao.redenoticia.com.br\/noticia\/wp-json\/wp\/v2\/posts"}],"about":[{"href":"https:\/\/migracao.redenoticia.com.br\/noticia\/wp-json\/wp\/v2\/types\/post"}],"author":[{"embeddable":true,"href":"https:\/\/migracao.redenoticia.com.br\/noticia\/wp-json\/wp\/v2\/users\/3"}],"replies":[{"embeddable":true,"href":"https:\/\/migracao.redenoticia.com.br\/noticia\/wp-json\/wp\/v2\/comments?post=4167"}],"version-history":[{"count":0,"href":"https:\/\/migracao.redenoticia.com.br\/noticia\/wp-json\/wp\/v2\/posts\/4167\/revisions"}],"wp:attachment":[{"href":"https:\/\/migracao.redenoticia.com.br\/noticia\/wp-json\/wp\/v2\/media?parent=4167"}],"wp:term":[{"taxonomy":"category","embeddable":true,"href":"https:\/\/migracao.redenoticia.com.br\/noticia\/wp-json\/wp\/v2\/categories?post=4167"},{"taxonomy":"post_tag","embeddable":true,"href":"https:\/\/migracao.redenoticia.com.br\/noticia\/wp-json\/wp\/v2\/tags?post=4167"}],"curies":[{"name":"wp","href":"https:\/\/api.w.org\/{rel}","templated":true}]}}