{"id":4179,"date":"2009-06-29T16:30:26","date_gmt":"2009-06-29T20:30:26","guid":{"rendered":"http:\/\/www.redenoticia.com.br\/noticia\/?p=4179"},"modified":"2009-06-29T16:30:26","modified_gmt":"2009-06-29T20:30:26","slug":"mds-divulga-relacao-de-projetos-de-agricultura-urbana-habilitados-para-receber-recursos-financeiros","status":"publish","type":"post","link":"https:\/\/migracao.redenoticia.com.br\/noticia\/2009\/mds-divulga-relacao-de-projetos-de-agricultura-urbana-habilitados-para-receber-recursos-financeiros\/4179","title":{"rendered":"MDS divulga rela\u00e7\u00e3o de projetos de Agricultura Urbana habilitados para receber recursos financeiros"},"content":{"rendered":"<p><span style=\"font-size: 11pt; font-family: Arial;\">O Minist\u00e9rio do Desenvolvimento Social e Combate \u00e0 Fome (MDS) divulgou o resultado preliminar do edital p\u00fablico n.\u00ba 9\/2009 para implanta\u00e7\u00e3o do Programa de Agricultura Urbana e Periurbana em regi\u00f5es metropolitanas e capitais. A lista dos selecionados est\u00e1 disponibilizada no endere\u00e7o eletr\u00f4nico <a href=\"http:\/\/www.mds.gov.br\/editais\/san2009\" target=\"_blank\">www.mds.gov.br\/editais\/san2009<\/a><\/p>\n<p>O Minist\u00e9rio disponibilizou R$ 8 milh\u00f5es para novos conv\u00eanios, para aplica\u00e7\u00e3o neste ano e tamb\u00e9m em 2010, com limite m\u00e1ximo de R$ 1 milh\u00e3o por projeto. Quinze projetos foram habilitados e selecionados e agora os gestores devem ficar atentos aos prazos para a entrega da documenta\u00e7\u00e3o e para a mesa t\u00e9cnica, cuja data ser\u00e1 marcada pelo MDS.<\/p>\n<p>Para a sele\u00e7\u00e3o dos projetos, a Pasta adotou crit\u00e9rios de pontua\u00e7\u00e3o que levaram em conta a caracteriza\u00e7\u00e3o da realidade socioterritorial e a situa\u00e7\u00e3o de inseguran\u00e7a alimentar das fam\u00edlias; a capacidade de gest\u00e3o e integra\u00e7\u00e3o das pol\u00edticas de desenvolvimento social e combate \u00e0 fome e, finalmente, a qualifica\u00e7\u00e3o da proposta.<\/p>\n<p>Os projetos selecionados t\u00eam como diretriz a agroecologia e a economia solid\u00e1ria com metas de fomento a empreendimentos produtivos (lavouras e hortas comunit\u00e1rias, cria\u00e7\u00e3o de pequenos animais, feiras etc), forma\u00e7\u00e3o dos agricultores, assist\u00eancia t\u00e9cnica aos agricultores, fomento produtivo, monitoramento e avalia\u00e7\u00e3o.<\/p>\n<p>O Programa de Agricultura Urbana e Periurbana, coordenado pela Secretaria Nacional de Seguran\u00e7a Alimentar e Nutricional (SESAN) do MDS, \u00e9 parte da estrat\u00e9gia Fome Zero. A a\u00e7\u00e3o permite a produ\u00e7\u00e3o de alimentos, de forma comunit\u00e1ria, com uso de tecnologias de bases agroecol\u00f3gicas em espa\u00e7os urbanos e periurbanos ociosos e assentamentos periurbanos da reforma agr\u00e1ria. Com a mobiliza\u00e7\u00e3o comunit\u00e1ria s\u00e3o implementadas hortas, lavouras, viveiros, pomares, canteiros de ervas medicinais, cria\u00e7\u00e3o de pequenos animais, unidades de processamento\/beneficiamento agroalimentar e feiras populares.<\/p>\n<p>Os alimentos produzidos s\u00e3o destinados para autoconsumo, abastecimento de Restaurantes Populares e Cozinhas Comunit\u00e1rias e venda de excedentes no mercado local, resultando em inclus\u00e3o social, melhoria da alimenta\u00e7\u00e3o e nutri\u00e7\u00e3o e gera\u00e7\u00e3o de renda.<\/p>\n<p>O objetivo do programa \u00e9 consolidar no Brasil a cultura da agricultura urbana e periurbana, para melhorar o autoabastecimento alimentar das fam\u00edlias e comunidades engajadas e ampliar a oferta urbana de hortali\u00e7as, promovendo a seguran\u00e7a alimentar e nutricional, com inclus\u00e3o social produtiva e consci\u00eancia agroecol\u00f3gica. Desde 2003, o MDS j\u00e1 apoiou a implanta\u00e7\u00e3o de 4.852 unidades, beneficiando 225 mil fam\u00edlias (cerca de 792 mil pessoas), com recurso total de R$ 74 milh\u00f5es.<\/p>\n<p><strong>Editais<\/strong> \u2013 O MDS disponibilizou, neste ano, 11 editais p\u00fablicos destinados a Estados e Munic\u00edpios num total de R$ 82,5 milh\u00f5es. Somente o Edital n.\u00ba 11\/2009, que apoia a implanta\u00e7\u00e3o de feiras para comercializa\u00e7\u00e3o de produtos da agricultura familiar, no \u00e2mbito do Programa de Apoio \u00e0 Agricultura Urbana e Periurbana, continua com as inscri\u00e7\u00f5es abertas at\u00e9 o <strong>dia 17 de julho<\/strong>. Os demais editais est\u00e3o em fase de avalia\u00e7\u00e3o das propostas e divulga\u00e7\u00e3o dos resultados.<\/p>\n<p><em>Adriana Scorza <\/em><\/span><\/p>\n","protected":false},"excerpt":{"rendered":"<p>O Minist\u00e9rio do Desenvolvimento Social e Combate \u00e0 Fome (MDS) divulgou o resultado preliminar do edital p\u00fablico n.\u00ba 9\/2009 para implanta\u00e7\u00e3o do Programa de Agricultura Urbana e Periurbana em regi\u00f5es metropolitanas e capitais. A lista dos selecionados est\u00e1 disponibilizada no endere\u00e7o eletr\u00f4nico www.mds.gov.br\/editais\/san2009 O Minist\u00e9rio disponibilizou R$ 8 milh\u00f5es para novos conv\u00eanios, para aplica\u00e7\u00e3o neste [&hellip;]<\/p>\n","protected":false},"author":3,"featured_media":0,"comment_status":"open","ping_status":"open","sticky":false,"template":"","format":"standard","meta":{"tdm_status":"","tdm_grid_status":"","footnotes":""},"categories":[22,7],"tags":[],"class_list":{"0":"post-4179","1":"post","2":"type-post","3":"status-publish","4":"format-standard","6":"category-brasil","7":"category-economia"},"_links":{"self":[{"href":"https:\/\/migracao.redenoticia.com.br\/noticia\/wp-json\/wp\/v2\/posts\/4179","targetHints":{"allow":["GET"]}}],"collection":[{"href":"https:\/\/migracao.redenoticia.com.br\/noticia\/wp-json\/wp\/v2\/posts"}],"about":[{"href":"https:\/\/migracao.redenoticia.com.br\/noticia\/wp-json\/wp\/v2\/types\/post"}],"author":[{"embeddable":true,"href":"https:\/\/migracao.redenoticia.com.br\/noticia\/wp-json\/wp\/v2\/users\/3"}],"replies":[{"embeddable":true,"href":"https:\/\/migracao.redenoticia.com.br\/noticia\/wp-json\/wp\/v2\/comments?post=4179"}],"version-history":[{"count":0,"href":"https:\/\/migracao.redenoticia.com.br\/noticia\/wp-json\/wp\/v2\/posts\/4179\/revisions"}],"wp:attachment":[{"href":"https:\/\/migracao.redenoticia.com.br\/noticia\/wp-json\/wp\/v2\/media?parent=4179"}],"wp:term":[{"taxonomy":"category","embeddable":true,"href":"https:\/\/migracao.redenoticia.com.br\/noticia\/wp-json\/wp\/v2\/categories?post=4179"},{"taxonomy":"post_tag","embeddable":true,"href":"https:\/\/migracao.redenoticia.com.br\/noticia\/wp-json\/wp\/v2\/tags?post=4179"}],"curies":[{"name":"wp","href":"https:\/\/api.w.org\/{rel}","templated":true}]}}