{"id":4183,"date":"2009-06-29T16:34:36","date_gmt":"2009-06-29T20:34:36","guid":{"rendered":"http:\/\/www.redenoticia.com.br\/noticia\/?p=4183"},"modified":"2009-06-30T14:20:07","modified_gmt":"2009-06-30T18:20:07","slug":"desfile-de-aventureiros-adventistas-realizado-em-ji-parana","status":"publish","type":"post","link":"https:\/\/migracao.redenoticia.com.br\/noticia\/2009\/desfile-de-aventureiros-adventistas-realizado-em-ji-parana\/4183","title":{"rendered":"Desfile de Aventureiros Adventistas realizado em Ji-Paran\u00e1"},"content":{"rendered":"<figure id=\"attachment_4182\" aria-describedby=\"caption-attachment-4182\" style=\"width: 248px\" class=\"wp-caption alignleft\"><a href=\"https:\/\/migracao.redenoticia.com.br\/noticia\/imagens\/\/Desfile-de-aventureiros.jpg\"><img loading=\"lazy\" decoding=\"async\" class=\"size-medium wp-image-4182\" title=\"Desfile de aventureiros\" src=\"https:\/\/migracao.redenoticia.com.br\/noticia\/imagens\/\/Desfile-de-aventureiros-248x187.jpg\" alt=\"Desfile de Aventureiros em Ji-Paran\u00e1\" width=\"248\" height=\"187\" srcset=\"https:\/\/migracao.redenoticia.com.br\/noticia\/imagens\/Desfile-de-aventureiros-248x187.jpg 248w, https:\/\/migracao.redenoticia.com.br\/noticia\/imagens\/Desfile-de-aventureiros-250x187.jpg 250w, https:\/\/migracao.redenoticia.com.br\/noticia\/imagens\/Desfile-de-aventureiros-150x113.jpg 150w, https:\/\/migracao.redenoticia.com.br\/noticia\/imagens\/Desfile-de-aventureiros-149x112.jpg 149w, https:\/\/migracao.redenoticia.com.br\/noticia\/imagens\/Desfile-de-aventureiros.jpg 350w\" sizes=\"auto, (max-width: 248px) 100vw, 248px\" \/><\/a><figcaption id=\"caption-attachment-4182\" class=\"wp-caption-text\">Desfile de Aventureiros em Ji-Paran\u00e1<\/figcaption><\/figure>\n<p>Nesse s\u00e1bado dia 27\/06\/2009 aconteceu mais uma passeata dos aventureiros, com  mais de 400 crian\u00e7as entre 6 a 9 anos de todo o estado de Rond\u00f4nia. Esta  caminhada fez parte das atividades  do acampamento  \u201c<strong>Estrelinhas  Eternas<\/strong>\u201d realizado na ch\u00e1cara &#8220;Morada do Sol&#8221; e coordenado pela  Associa\u00e7\u00e3o Adventista Sul de Rond\u00f4nia (ASur).<\/p>\n<p>A passeata teve inicio as 8:30 aa Avenida Brasil e foi aberta com a fanfarra  dos desbravadores e crian\u00e7as uniformizadas portando faixas e cartazes. A  <strong>Igreja Adventista<\/strong> teve como representante o Pastor Ivanilson  Ara\u00fajo respons\u00e1vel pelo evento<\/p>\n<p>Luiz Enrik Cardoso<br \/>\nAluno Reporter<\/p>\n","protected":false},"excerpt":{"rendered":"<p>Nesse s\u00e1bado dia 27\/06\/2009 aconteceu mais uma passeata dos aventureiros, com mais de 400 crian\u00e7as entre 6 a 9 anos de todo o estado de Rond\u00f4nia. Esta caminhada fez parte das atividades do acampamento \u201cEstrelinhas Eternas\u201d realizado na ch\u00e1cara &#8220;Morada do Sol&#8221; e coordenado pela Associa\u00e7\u00e3o Adventista Sul de Rond\u00f4nia (ASur). A passeata teve inicio [&hellip;]<\/p>\n","protected":false},"author":2,"featured_media":0,"comment_status":"open","ping_status":"open","sticky":false,"template":"","format":"standard","meta":{"tdm_status":"","tdm_grid_status":"","footnotes":""},"categories":[22],"tags":[],"class_list":{"0":"post-4183","1":"post","2":"type-post","3":"status-publish","4":"format-standard","6":"category-brasil"},"_links":{"self":[{"href":"https:\/\/migracao.redenoticia.com.br\/noticia\/wp-json\/wp\/v2\/posts\/4183","targetHints":{"allow":["GET"]}}],"collection":[{"href":"https:\/\/migracao.redenoticia.com.br\/noticia\/wp-json\/wp\/v2\/posts"}],"about":[{"href":"https:\/\/migracao.redenoticia.com.br\/noticia\/wp-json\/wp\/v2\/types\/post"}],"author":[{"embeddable":true,"href":"https:\/\/migracao.redenoticia.com.br\/noticia\/wp-json\/wp\/v2\/users\/2"}],"replies":[{"embeddable":true,"href":"https:\/\/migracao.redenoticia.com.br\/noticia\/wp-json\/wp\/v2\/comments?post=4183"}],"version-history":[{"count":0,"href":"https:\/\/migracao.redenoticia.com.br\/noticia\/wp-json\/wp\/v2\/posts\/4183\/revisions"}],"wp:attachment":[{"href":"https:\/\/migracao.redenoticia.com.br\/noticia\/wp-json\/wp\/v2\/media?parent=4183"}],"wp:term":[{"taxonomy":"category","embeddable":true,"href":"https:\/\/migracao.redenoticia.com.br\/noticia\/wp-json\/wp\/v2\/categories?post=4183"},{"taxonomy":"post_tag","embeddable":true,"href":"https:\/\/migracao.redenoticia.com.br\/noticia\/wp-json\/wp\/v2\/tags?post=4183"}],"curies":[{"name":"wp","href":"https:\/\/api.w.org\/{rel}","templated":true}]}}