{"id":4186,"date":"2009-06-29T16:47:36","date_gmt":"2009-06-29T20:47:36","guid":{"rendered":"http:\/\/www.redenoticia.com.br\/noticia\/?p=4186"},"modified":"2009-06-29T16:47:36","modified_gmt":"2009-06-29T20:47:36","slug":"universidade-de-sao-carlos-divulga-datas-do-vestibular-2010","status":"publish","type":"post","link":"https:\/\/migracao.redenoticia.com.br\/noticia\/2009\/universidade-de-sao-carlos-divulga-datas-do-vestibular-2010\/4186","title":{"rendered":"Universidade de S\u00e3o Carlos divulga datas do Vestibular 2010"},"content":{"rendered":"<p>A Universidade Federal de S\u00e3o Carlos (UFSCar) divulga as datas principais do Vestibular 2010 para os cursos de gradua\u00e7\u00e3o presenciais. No total, ser\u00e3o oferecidas 2.577 vagas, distribu\u00eddas em 57 cursos, nos campi S\u00e3o Carlos, Araras e Sorocaba.<br \/>\nA inscri\u00e7\u00e3o para o Vestibular 2010 da UFSCar poder\u00e1 ser feita entre os dias 1\u00b0 e 30 de setembro de 2009, exclusivamente pela Internet, no site da Funda\u00e7\u00e3o Vunesp, em\u00a0<a href=\"http:\/\/www.vunesp.com.br\" target=\"_blank\">www.vunesp.com.br<\/a>. O valor da taxa de inscri\u00e7\u00e3o ser\u00e1 de R$ 75. \u00c9 importante ressaltar que a convoca\u00e7\u00e3o para as provas n\u00e3o ser\u00e1 enviada pelo correio, como anteriormente. Os candidatos dever\u00e3o acessar a p\u00e1gina da Vunesp, com dez dias \u00fateis de anteced\u00eancia das provas, para imprimir sua convoca\u00e7\u00e3o, verificando o pr\u00e9dio, n\u00famero da sala, datas e hor\u00e1rios para comparecimento.<br \/>\nAs provas ser\u00e3o realizadas nos dias 13 e 14 de dezembro de 2009, nas cidades de Araras, Bauru, Campinas, Piracicaba, Ribeir\u00e3o Preto, S\u00e3o Carlos, S\u00e3o Jos\u00e9 do Rio Preto, S\u00e3o Jos\u00e9 dos Campos, S\u00e3o Paulo e Sorocaba. No primeiro dia, ser\u00e3o aplicadas as provas de L\u00edngua Portuguesa, L\u00edngua Inglesa, Matem\u00e1tica e Reda\u00e7\u00e3o. No dia 14 de dezembro, as provas s\u00e3o de Qu\u00edmica, F\u00edsica, Biologia, Hist\u00f3ria e Geografia. A prova espec\u00edfica de aptid\u00e3o para o curso de M\u00fasica ser\u00e1 realizada no dia 18 de dezembro, em S\u00e3o Carlos.<br \/>\nO resultado do Vestibular ser\u00e1 divulgado no dia 3 de fevereiro de 2010 e a matr\u00edcula dos convocados em primeira chamada ser\u00e1 feita no dia 9 de fevereiro de 2010.<\/p>\n<p>Enem<br \/>\nA Coordena\u00e7\u00e3o do Vestibular (CoVest) da UFSCar lembra que a partir do Vestibular 2010, a Universidade passar\u00e1 a utilizar o Exame Nacional do Ensino M\u00e9dio (Enem) em seu processo seletivo para cursos de gradua\u00e7\u00e3o. A nota final do candidato ser\u00e1 composta 50% pelo Enem e 50% pelas provas realizadas pela pr\u00f3pria UFSCar. Assim, todos os estudantes interessados em concorrer \u00e0s vagas nos cursos de gradua\u00e7\u00e3o da UFSCar devem obrigatoriamente fazer sua inscri\u00e7\u00e3o no Enem 2009. O prazo para inscri\u00e7\u00e3o encerra-se no dia 17 de julho. \u00a0Para candidatos que tenham dificuldades de acesso \u00e0 Internet, a UFSCar disponibiliza, at\u00e9 o dia 17 de julho, uma sala na Secretaria Geral de Inform\u00e1tica (SIn), no campus S\u00e3o Carlos, com acesso a computadores e Internet. Os interessados podem utilizar a sala do Laborat\u00f3rio de Treinamento da SIn (Latre), das 8 \u00e0s 23h55, de segunda a segunda.<\/p>\n<p>Isen\u00e7\u00e3o<br \/>\nDe 6 a 23 de julho, estar\u00e1 aberto o prazo para envio de solicita\u00e7\u00f5es de isen\u00e7\u00e3o da taxa de inscri\u00e7\u00e3o do Vestibular 2010 da UFSCar. Podem solicit\u00e1-la os candidatos que tenham cursado integralmente o Ensino M\u00e9dio em escolas da rede p\u00fablica, ou em escolas privadas com bolsa integral, e cuja renda familiar bruta n\u00e3o ultrapasse um sal\u00e1rio m\u00ednimo e meio (R$ 697,50) por morador, dentre outras exig\u00eancias estabelecidas no Manual do Candidato, dispon\u00edvel em\u00a0<a href=\"http:\/\/www.vestibular.ufscar.br\" target=\"_blank\">www.vestibular.ufscar.br<\/a>. Os pedidos de isen\u00e7\u00e3o devem ser efetivados o site da Vunesp, em\u00a0<a href=\"http:\/\/www.vunesp.com.br\" target=\"_blank\">www.vunesp.com.br<\/a>.<\/p>\n<p>Mais informa\u00e7\u00f5es tamb\u00e9m podem ser obtidas pelo Disque Vunesp, de segunda a sexta-feira, das 8 \u00e0s 20 horas, pelo telefone (11) 3874-6300.<\/p>\n","protected":false},"excerpt":{"rendered":"<p>A Universidade Federal de S\u00e3o Carlos (UFSCar) divulga as datas principais do Vestibular 2010 para os cursos de gradua\u00e7\u00e3o presenciais. No total, ser\u00e3o oferecidas 2.577 vagas, distribu\u00eddas em 57 cursos, nos campi S\u00e3o Carlos, Araras e Sorocaba. A inscri\u00e7\u00e3o para o Vestibular 2010 da UFSCar poder\u00e1 ser feita entre os dias 1\u00b0 e 30 de [&hellip;]<\/p>\n","protected":false},"author":2,"featured_media":0,"comment_status":"open","ping_status":"open","sticky":false,"template":"","format":"standard","meta":{"tdm_status":"","tdm_grid_status":"","footnotes":""},"categories":[22],"tags":[],"class_list":{"0":"post-4186","1":"post","2":"type-post","3":"status-publish","4":"format-standard","6":"category-brasil"},"_links":{"self":[{"href":"https:\/\/migracao.redenoticia.com.br\/noticia\/wp-json\/wp\/v2\/posts\/4186","targetHints":{"allow":["GET"]}}],"collection":[{"href":"https:\/\/migracao.redenoticia.com.br\/noticia\/wp-json\/wp\/v2\/posts"}],"about":[{"href":"https:\/\/migracao.redenoticia.com.br\/noticia\/wp-json\/wp\/v2\/types\/post"}],"author":[{"embeddable":true,"href":"https:\/\/migracao.redenoticia.com.br\/noticia\/wp-json\/wp\/v2\/users\/2"}],"replies":[{"embeddable":true,"href":"https:\/\/migracao.redenoticia.com.br\/noticia\/wp-json\/wp\/v2\/comments?post=4186"}],"version-history":[{"count":0,"href":"https:\/\/migracao.redenoticia.com.br\/noticia\/wp-json\/wp\/v2\/posts\/4186\/revisions"}],"wp:attachment":[{"href":"https:\/\/migracao.redenoticia.com.br\/noticia\/wp-json\/wp\/v2\/media?parent=4186"}],"wp:term":[{"taxonomy":"category","embeddable":true,"href":"https:\/\/migracao.redenoticia.com.br\/noticia\/wp-json\/wp\/v2\/categories?post=4186"},{"taxonomy":"post_tag","embeddable":true,"href":"https:\/\/migracao.redenoticia.com.br\/noticia\/wp-json\/wp\/v2\/tags?post=4186"}],"curies":[{"name":"wp","href":"https:\/\/api.w.org\/{rel}","templated":true}]}}