{"id":4189,"date":"2009-06-29T16:58:16","date_gmt":"2009-06-29T20:58:16","guid":{"rendered":"http:\/\/www.redenoticia.com.br\/noticia\/?p=4189"},"modified":"2009-06-29T16:58:16","modified_gmt":"2009-06-29T20:58:16","slug":"sugestao-sobre-fim-do-fator-previdenciario-quanto-a-proposta-9585","status":"publish","type":"post","link":"https:\/\/migracao.redenoticia.com.br\/noticia\/2009\/sugestao-sobre-fim-do-fator-previdenciario-quanto-a-proposta-9585\/4189","title":{"rendered":"Sugest\u00e3o sobre fim do Fator Previdenci\u00e1rio quanto \u00e0 proposta 95\/85"},"content":{"rendered":"<p>Ao ler mat\u00e9ria sobre a ades\u00e3o do legislativo do RS ao projeto que prev\u00ea o fim do Fator Previdenci\u00e1rio, nosso leitor sugere ao relator:<\/p>\n<p>\u201cEstou com 49 anos de Idade e 34 anos e 3 meses de contribui\u00e7\u00e3o comprovada junto ao INSS, isto sem contar o tempo que trabalhei sem a regulamentar contribui\u00e7\u00e3o.<br \/>\nEstou a 29 anos na mesma Institui\u00e7\u00e3o e gozo de estabilidade pr\u00e9-aposentadoria, por\u00e9m tenho absoluta certeza que ao atingir a condi\u00e7\u00e3o para aposentadoria por tempo de contribui\u00e7\u00e3o, ou seja, 35 anos de contribui\u00e7\u00e3o, deixarei de gozar da estabilidade e serei dispensado da referida Institui\u00e7\u00e3o.<\/p>\n<p>Pela situa\u00e7\u00e3o acredito que poderia fazer parte do projeto o seguinte:<br \/>\nO funcion\u00e1rio que atingir o tempo de contribui\u00e7\u00e3o e que tenha mais de 15 anos na mesma empresa, passe a gozar de estabilidade e possa aguardar o restante que falta para se aposentar com 100% do valor ou se dispensado sem justa causa tenha o direito de requerer a aposentadoria pelo valor total, cabendo a empresa custear parte do custo da previd\u00eancia.<\/p>\n<p>Outra quest\u00e3o \u00e9 que a maioria das pessoas ao atingir o tempo necess\u00e1rio para se aposentar acabam o fazendo com um valor menor para poder sacar o FGTS e PIS e por esta situa\u00e7\u00e3o acredito que poderia tamb\u00e9m fazer parte do projeto o seguinte:<\/p>\n<p>O funcion\u00e1rio ao atingir o tempo necess\u00e1rio para se aposentar (35 anos) possa sacar o saldo do FGTS e PIS e aguardar melhores condi\u00e7\u00f5es para sua aposentadoria (100% do teto), mantendo para efeito de rescis\u00e3o contratual o saldo base do FGTS (como ocorre nos saques para habita\u00e7\u00e3o) \u201c<\/p>\n<p><strong> <\/strong><\/p>\n<p><strong>Eugenio Aparecido Sassa <\/strong><\/p>\n<p><strong><br \/>\n<\/strong><\/p>\n","protected":false},"excerpt":{"rendered":"<p>Ao ler mat\u00e9ria sobre a ades\u00e3o do legislativo do RS ao projeto que prev\u00ea o fim do Fator Previdenci\u00e1rio, nosso leitor sugere ao relator: \u201cEstou com 49 anos de Idade e 34 anos e 3 meses de contribui\u00e7\u00e3o comprovada junto ao INSS, isto sem contar o tempo que trabalhei sem a regulamentar contribui\u00e7\u00e3o. Estou a [&hellip;]<\/p>\n","protected":false},"author":3,"featured_media":0,"comment_status":"open","ping_status":"open","sticky":false,"template":"","format":"standard","meta":{"tdm_status":"","tdm_grid_status":"","footnotes":""},"categories":[22],"tags":[],"class_list":{"0":"post-4189","1":"post","2":"type-post","3":"status-publish","4":"format-standard","6":"category-brasil"},"_links":{"self":[{"href":"https:\/\/migracao.redenoticia.com.br\/noticia\/wp-json\/wp\/v2\/posts\/4189","targetHints":{"allow":["GET"]}}],"collection":[{"href":"https:\/\/migracao.redenoticia.com.br\/noticia\/wp-json\/wp\/v2\/posts"}],"about":[{"href":"https:\/\/migracao.redenoticia.com.br\/noticia\/wp-json\/wp\/v2\/types\/post"}],"author":[{"embeddable":true,"href":"https:\/\/migracao.redenoticia.com.br\/noticia\/wp-json\/wp\/v2\/users\/3"}],"replies":[{"embeddable":true,"href":"https:\/\/migracao.redenoticia.com.br\/noticia\/wp-json\/wp\/v2\/comments?post=4189"}],"version-history":[{"count":0,"href":"https:\/\/migracao.redenoticia.com.br\/noticia\/wp-json\/wp\/v2\/posts\/4189\/revisions"}],"wp:attachment":[{"href":"https:\/\/migracao.redenoticia.com.br\/noticia\/wp-json\/wp\/v2\/media?parent=4189"}],"wp:term":[{"taxonomy":"category","embeddable":true,"href":"https:\/\/migracao.redenoticia.com.br\/noticia\/wp-json\/wp\/v2\/categories?post=4189"},{"taxonomy":"post_tag","embeddable":true,"href":"https:\/\/migracao.redenoticia.com.br\/noticia\/wp-json\/wp\/v2\/tags?post=4189"}],"curies":[{"name":"wp","href":"https:\/\/api.w.org\/{rel}","templated":true}]}}