{"id":4195,"date":"2009-06-29T17:55:03","date_gmt":"2009-06-29T21:55:03","guid":{"rendered":"http:\/\/www.redenoticia.com.br\/noticia\/?p=4195"},"modified":"2009-06-29T22:02:15","modified_gmt":"2009-06-30T02:02:15","slug":"sicoob-inaugura-nova-agencia-em-ji-parana-ro","status":"publish","type":"post","link":"https:\/\/migracao.redenoticia.com.br\/noticia\/2009\/sicoob-inaugura-nova-agencia-em-ji-parana-ro\/4195","title":{"rendered":"SICOOB inaugura nova ag\u00eancia em Ji-Paran\u00e1 &#8211; RO"},"content":{"rendered":"<p>Na \u00faltima ter\u00e7a-feira (23), os funcion\u00e1rios da Cooperativa de Cr\u00e9dito dos Empres\u00e1rios de Ji-Paran\u00e1 (Sicoob) estiveram apostos acompanhados da presidente da cooperativa, Raquel Graeff, para recepcionar os convidados na inaugura\u00e7\u00e3o da nova ag\u00eancia do munic\u00edpio. Entre eles esteve o presidente da Associa\u00e7\u00e3o Comercial e Industrial de Ji-Paran\u00e1 (ACIJIP), Marcito Pinto, a ju\u00edza e diretora do F\u00f3rum, Ana Val\u00e9ria Santiago, o deputado estadual Jesualdo Pires, e o vice-prefeito, Jos\u00e9 Ot\u00f4nio.<\/p>\n<p>De acordo com a presidente, nos tr\u00eas anos de trabalho dedicado a Ji-Paran\u00e1, a equipe sempre tratou como prioridade o atendimento diferenciado e de qualidade para seus cooperados. \u201cQueremos ser refer\u00eancia no segmento e reconhecido como fomentador de neg\u00f3cios e oportunidades para a classe. A abertura dessa extens\u00e3o para no primeiro distrito, foi idealizada para atender a demanda que tem crescido significativamente\u201d, disse Raquel Graeff.<\/p>\n<p>O presidente da ACIJIP, parabenizou o servi\u00e7o prestado pela cooperativa na cidade, enfatizando a rela\u00e7\u00e3o entre institui\u00e7\u00e3o e empresas que se apresenta de forma mais humanizada. \u201cO papel que a Sicoob vem assumindo, assim como outras cooperativas, \u00e9 fundamental para proteger o empresariado da voracidade das grandes corpora\u00e7\u00f5es financeiras. Atrav\u00e9s do seu servi\u00e7o de cr\u00e9dito as oportunidades de investimentos se tornam mais acess\u00edveis\u201d, destacou Marcito Pinto.<\/p>\n<p>A Sicoob possui em todo o Brasil mais de 1700 pontos de atendimentos. S\u00f3 no Estado de Rond\u00f4nia, est\u00e1 presente em 30 munic\u00edpios. O diretor operacional do Sistema Sicoob Central Norte, \u00cdris Fernando, em seu discurso, falou sobre o grande momento que vive a Emprecred e sobre a responsabilidade que recai sobre seus diretoras e cooperados. \u201cAgora todos devem trabalhar ainda mais para consolidar esse momento favor\u00e1vel que vive a cooperativa\u201d, finalizou.<\/p>\n<p>A Emprecred aproveitou a concentra\u00e7\u00e3o de pessoas na inaugura\u00e7\u00e3o para divulgar a campanha \u201cP\u00e9 na T\u00e1bua\u201d, que est\u00e1 em vigor em todas as cooperativas do Sistema Sicoob Central Norte e vai sortear um carro zero quil\u00f4metro entre os cooperados.<\/p>\n","protected":false},"excerpt":{"rendered":"<p>Na \u00faltima ter\u00e7a-feira (23), os funcion\u00e1rios da Cooperativa de Cr\u00e9dito dos Empres\u00e1rios de Ji-Paran\u00e1 (Sicoob) estiveram apostos acompanhados da presidente da cooperativa, Raquel Graeff, para recepcionar os convidados na inaugura\u00e7\u00e3o da nova ag\u00eancia do munic\u00edpio. Entre eles esteve o presidente da Associa\u00e7\u00e3o Comercial e Industrial de Ji-Paran\u00e1 (ACIJIP), Marcito Pinto, a ju\u00edza e diretora do [&hellip;]<\/p>\n","protected":false},"author":2,"featured_media":0,"comment_status":"open","ping_status":"open","sticky":false,"template":"","format":"standard","meta":{"tdm_status":"","tdm_grid_status":"","footnotes":""},"categories":[7],"tags":[],"class_list":{"0":"post-4195","1":"post","2":"type-post","3":"status-publish","4":"format-standard","6":"category-economia"},"_links":{"self":[{"href":"https:\/\/migracao.redenoticia.com.br\/noticia\/wp-json\/wp\/v2\/posts\/4195","targetHints":{"allow":["GET"]}}],"collection":[{"href":"https:\/\/migracao.redenoticia.com.br\/noticia\/wp-json\/wp\/v2\/posts"}],"about":[{"href":"https:\/\/migracao.redenoticia.com.br\/noticia\/wp-json\/wp\/v2\/types\/post"}],"author":[{"embeddable":true,"href":"https:\/\/migracao.redenoticia.com.br\/noticia\/wp-json\/wp\/v2\/users\/2"}],"replies":[{"embeddable":true,"href":"https:\/\/migracao.redenoticia.com.br\/noticia\/wp-json\/wp\/v2\/comments?post=4195"}],"version-history":[{"count":0,"href":"https:\/\/migracao.redenoticia.com.br\/noticia\/wp-json\/wp\/v2\/posts\/4195\/revisions"}],"wp:attachment":[{"href":"https:\/\/migracao.redenoticia.com.br\/noticia\/wp-json\/wp\/v2\/media?parent=4195"}],"wp:term":[{"taxonomy":"category","embeddable":true,"href":"https:\/\/migracao.redenoticia.com.br\/noticia\/wp-json\/wp\/v2\/categories?post=4195"},{"taxonomy":"post_tag","embeddable":true,"href":"https:\/\/migracao.redenoticia.com.br\/noticia\/wp-json\/wp\/v2\/tags?post=4195"}],"curies":[{"name":"wp","href":"https:\/\/api.w.org\/{rel}","templated":true}]}}