{"id":4197,"date":"2009-06-29T18:11:56","date_gmt":"2009-06-29T22:11:56","guid":{"rendered":"http:\/\/www.redenoticia.com.br\/noticia\/?p=4197"},"modified":"2009-06-29T22:10:59","modified_gmt":"2009-06-30T02:10:59","slug":"eletrobras-lanca-tv-corporativa-para-disseminar-informacao-nas-regioes-norte-e-nordeste","status":"publish","type":"post","link":"https:\/\/migracao.redenoticia.com.br\/noticia\/2009\/eletrobras-lanca-tv-corporativa-para-disseminar-informacao-nas-regioes-norte-e-nordeste\/4197","title":{"rendered":"Eletrobr\u00e1s lan\u00e7a TV Corporativa para disseminar informa\u00e7\u00e3o nas Regi\u00f5es Norte e Nordeste"},"content":{"rendered":"<p>A Diretoria das Empresas de Distribui\u00e7\u00e3o do Sistema Eletrobr\u00e1s inaugura nesta ter\u00e7a-feira (30) a TV Lume. \u00c9 um projeto de televis\u00e3o corporativa que permite a dissemina\u00e7\u00e3o de informa\u00e7\u00f5es e a realiza\u00e7\u00e3o de treinamentos por meio de transmiss\u00e3o via sat\u00e9lite. S\u00e3o 365 pontos distribu\u00eddos nas Regi\u00f5es Norte e Nordeste, nas localidades onde atuam as Empresas de Distribui\u00e7\u00e3o, Amazonas Energia, Boa Vista Energia, Ceal, Ceron, Cepisa e Eletroacre. O ministro Edison Lob\u00e3o vai participar ao vivo da transmiss\u00e3o, que ter\u00e1 in\u00edcio \u00e0s 10 horas, direto do audit\u00f3rio t\u00e9rreo no Minist\u00e9rio de Minas e Energia.<\/p>\n<p>Para Lob\u00e3o, a cria\u00e7\u00e3o da televis\u00e3o \u00e9 importante para a comunica\u00e7\u00e3o direta entre os colaboradores das distribuidoras, por meio de sess\u00f5es de teleconfer\u00eancia interativa. \u201cA televis\u00e3o vai servir para capacitar e desenvolver o quadro de pessoal das empresas de distribui\u00e7\u00e3o.\u201d, disse.<\/p>\n<p>O novo meio de comunica\u00e7\u00e3o vai agir como uma ferramenta eficaz e instant\u00e2nea na dissemina\u00e7\u00e3o de informa\u00e7\u00f5es ao facilitar a transmiss\u00e3o de eventos e programas ao vivo ou pr\u00e9-gravados, para todos os pontos de recep\u00e7\u00e3o.<\/p>\n<p>Funcionamento<br \/>\nA transmiss\u00e3o da programa\u00e7\u00e3o da TV Lume se dar\u00e1 a partir de salas que funcionar\u00e3o como miniest\u00fadios nas cidades do Rio de Janeiro, Bras\u00edlia, Manaus, Macei\u00f3, Teresina, Rio Branco, Boa Vista e Porto Velho &#8211; Rond\u00f4nia. S\u00e3o quatro canais com a programa\u00e7\u00e3o voltada para o desenvolvimento profissional e pessoal, sendo que um deles, o Canal Exclusivo re\u00fane as principais not\u00edcias das empresas que comp\u00f5em o Sistema Eletrobr\u00e1s, permitindo a transmiss\u00e3o simult\u00e2nea de pronunciamentos da Diretoria, a cobertura de eventos institucionais, dentre outros conte\u00fados inerentes \u00e0s mesmas empresas.<\/p>\n<p>Para a realiza\u00e7\u00e3o de cursos de capacita\u00e7\u00e3o, a Lume ter\u00e1 uma programa\u00e7\u00e3o pr\u00f3pria voltada ao desenvolvimento das compet\u00eancias essenciais e espec\u00edficas dos colaboradores das seis empresas distribuidoras. A grade oferece uma diversidade de cursos, como vendas, relacionamento interpessoal, recrutamento, sa\u00fade ocupacional e motiva\u00e7\u00e3o, que poder\u00e3o ser realizados por membros das comunidades onde as empresas est\u00e3o instaladas.<\/p>\n<p>Assessoria de Comunica\u00e7\u00e3o<br \/>\nMinist\u00e9rio de Minas e Energia<\/p>\n","protected":false},"excerpt":{"rendered":"<p>A Diretoria das Empresas de Distribui\u00e7\u00e3o do Sistema Eletrobr\u00e1s inaugura nesta ter\u00e7a-feira (30) a TV Lume. \u00c9 um projeto de televis\u00e3o corporativa que permite a dissemina\u00e7\u00e3o de informa\u00e7\u00f5es e a realiza\u00e7\u00e3o de treinamentos por meio de transmiss\u00e3o via sat\u00e9lite. S\u00e3o 365 pontos distribu\u00eddos nas Regi\u00f5es Norte e Nordeste, nas localidades onde atuam as Empresas de [&hellip;]<\/p>\n","protected":false},"author":3,"featured_media":0,"comment_status":"open","ping_status":"open","sticky":false,"template":"","format":"standard","meta":{"tdm_status":"","tdm_grid_status":"","footnotes":""},"categories":[22],"tags":[],"class_list":{"0":"post-4197","1":"post","2":"type-post","3":"status-publish","4":"format-standard","6":"category-brasil"},"_links":{"self":[{"href":"https:\/\/migracao.redenoticia.com.br\/noticia\/wp-json\/wp\/v2\/posts\/4197","targetHints":{"allow":["GET"]}}],"collection":[{"href":"https:\/\/migracao.redenoticia.com.br\/noticia\/wp-json\/wp\/v2\/posts"}],"about":[{"href":"https:\/\/migracao.redenoticia.com.br\/noticia\/wp-json\/wp\/v2\/types\/post"}],"author":[{"embeddable":true,"href":"https:\/\/migracao.redenoticia.com.br\/noticia\/wp-json\/wp\/v2\/users\/3"}],"replies":[{"embeddable":true,"href":"https:\/\/migracao.redenoticia.com.br\/noticia\/wp-json\/wp\/v2\/comments?post=4197"}],"version-history":[{"count":0,"href":"https:\/\/migracao.redenoticia.com.br\/noticia\/wp-json\/wp\/v2\/posts\/4197\/revisions"}],"wp:attachment":[{"href":"https:\/\/migracao.redenoticia.com.br\/noticia\/wp-json\/wp\/v2\/media?parent=4197"}],"wp:term":[{"taxonomy":"category","embeddable":true,"href":"https:\/\/migracao.redenoticia.com.br\/noticia\/wp-json\/wp\/v2\/categories?post=4197"},{"taxonomy":"post_tag","embeddable":true,"href":"https:\/\/migracao.redenoticia.com.br\/noticia\/wp-json\/wp\/v2\/tags?post=4197"}],"curies":[{"name":"wp","href":"https:\/\/api.w.org\/{rel}","templated":true}]}}