{"id":4208,"date":"2009-06-29T18:57:30","date_gmt":"2009-06-29T22:57:30","guid":{"rendered":"http:\/\/www.redenoticia.com.br\/noticia\/?p=4208"},"modified":"2009-06-29T22:06:37","modified_gmt":"2009-06-30T02:06:37","slug":"minic-divulga-selecionados-no-programa-de-intercambio-e-difusao-cultural","status":"publish","type":"post","link":"https:\/\/migracao.redenoticia.com.br\/noticia\/2009\/minic-divulga-selecionados-no-programa-de-intercambio-e-difusao-cultural\/4208","title":{"rendered":"MinC divulga selecionados no Programa de Interc\u00e2mbio e Difus\u00e3o Cultural"},"content":{"rendered":"<p><span style=\"font-size: 11pt; font-family: Arial; color: windowtext;\">O Minist\u00e9rio da Cultura divulgou os selecionados no Programa de Interc\u00e2mbio e Difus\u00e3o Cultural, da Secretaria de Fomento e Incentivo \u00e0 Cultura (Sefic), para viagens a se realizarem em julho. Das 162 candidaturas que entraram na pauta da reuni\u00e3o da Comiss\u00e3o de Avalia\u00e7\u00e3o, ocorrida nos dias 19 e 22 de junho, foram selecionadas 101, sendo 46 de grupo, que receber\u00e3o o valor total de R$ 491.500,00,  e 55 individuais, que receber\u00e3o o valor total de R$ 780.500,00.<\/span><\/p>\n<p><span style=\"font-size: 11pt; font-family: Arial; color: windowtext;\">Os contemplados ir\u00e3o divulgar a cultura brasileira dentro do Brasil e em pa\u00edses como Tail\u00e2ndia, Chile, Alemanha, R\u00fassia, B\u00e9lgica e M\u00e9xico, entre outros. A Portaria n\u00ba 10, com as rela\u00e7\u00f5es das propostas contempladas e requerimentos em lista de espera, foi publicada nesta sexta-feira, 26 de junho, no Di\u00e1rio Oficial da Uni\u00e3o (Se\u00e7\u00e3o 1, p\u00e1ginas 17 a 20).<\/span><\/p>\n<p><span style=\"font-size: 11pt; font-family: Arial; color: windowtext;\">Os selecionados t\u00eam at\u00e9 a quarta-feira, dia 1\u00ba de julho, para encaminhar a documenta\u00e7\u00e3o relacionada no item 3 do Edital n\u00ba 2\/2009, ao seguinte endere\u00e7o: Secretaria de Fomento e Incentivo \u00e0 Cultura, Edital n\u00ba 2\/2009, Caixa Postal 8553- CEP 70312-970, Bras\u00edlia (DF).<\/span><\/p>\n<p><strong><span style=\"font-size: 11pt; font-family: Arial; color: windowtext;\">A Sele\u00e7\u00e3o<\/span><\/strong><\/p>\n<p><span style=\"font-size: 11pt; font-family: Arial; color: windowtext;\">Foram inicialmente apresentadas 232 candidaturas, das quais 70 previamente indeferidas. Vinte e seis requerimentos foram desclassificados, em virtude de pr\u00e9-sele\u00e7\u00e3o entre concorrentes \u00e0 participa\u00e7\u00e3o no mesmo evento (item 4.5 do edital n\u00ba2\/2009), e 25 foram indeferidos por n\u00e3o terem atingido a pontua\u00e7\u00e3o m\u00ednima de 16 pontos.<\/span><\/p>\n<p><span style=\"font-size: 11pt; font-family: Arial; color: windowtext;\">As candidaturas individuais e em grupo foram avaliadas separadamente. A sele\u00e7\u00e3o se baseou nos seis crit\u00e9rios elencados no subitem 4.4 do <a href=\"http:\/\/www.cultura.gov.br\/site\/wp-content\/uploads\/2009\/06\/edital_de_intercambio_2-20094.pdf\"><span style=\"color: windowtext;\">Edital n\u00ba 2\/2009<\/span><\/a>, tendo as candidaturas recebido uma pontua\u00e7\u00e3o relativa a cada um deles.<\/span><\/p>\n<p><span style=\"font-size: 11pt; font-family: Arial; color: windowtext;\">No intuito de minimizar desigualdades e promover a descentraliza\u00e7\u00e3o das a\u00e7\u00f5es culturais, os requerimentos receberam bonifica\u00e7\u00e3o em sua pontua\u00e7\u00e3o, conforme: a unidade federativa de origem, com base no percentual de sele\u00e7\u00e3o no Programa de Interc\u00e2mbio no exerc\u00edcio de 2008, conforme item 4.4.1; participa\u00e7\u00e3o em acontecimentos em pa\u00edses da Am\u00e9rica do Sul ou da Comunidade de Pa\u00edses de L\u00edngua Portuguesa (CPLP); candidaturas origin\u00e1rias de localidades fora das capitais das unidades da federa\u00e7\u00e3o.<\/span><\/p>\n<p><span style=\"font-size: 11pt; font-family: Arial; color: windowtext;\">A classifica\u00e7\u00e3o exigia obter, pelo menos, 16 pontos no somat\u00f3rio final, tendo prefer\u00eancia, em caso de empate, na seguinte ordem, as candidaturas com maior nota na al\u00ednea \u201cd\u201d do subitem 4.4, as com maior nota na al\u00ednea \u201ce\u201d do subitem 4.4 e as que apresentassem menor custo para atendimento.<\/span><\/p>\n<p><span style=\"font-size: 11pt; font-family: Arial; color: windowtext;\">A comiss\u00e3o de avalia\u00e7\u00e3o \u00e9 presidida pelo secret\u00e1rio de Incentivo e Fomento \u00e0 Cultura do MinC, Roberto Nascimento, e constitu\u00edda por representantes designados pelas seguintes unidades do Minist\u00e9rio da Cultura: Gabinete do Ministro, Secretaria Executiva (SE), Secretaria da Identidade e da Diversidade Cultural (SID), Secretaria de Pol\u00edticas Culturais (SPC) e Diretoria de Rela\u00e7\u00f5es Internacionais (DRI).<\/span><\/p>\n<p><span style=\"font-size: 11pt; font-family: Arial;\"><a href=\"http:\/\/www.cultura.gov.br\/site\/wp-content\/uploads\/2009\/06\/relacao-dos-requerimentos-selecionados-julho-2009.pdf\"><span style=\"color: windowtext;\">Veja a rela\u00e7\u00e3o dos requerimentos selecionados para julho<\/span><\/a><\/span><\/p>\n","protected":false},"excerpt":{"rendered":"<p>O Minist\u00e9rio da Cultura divulgou os selecionados no Programa de Interc\u00e2mbio e Difus\u00e3o Cultural, da Secretaria de Fomento e Incentivo \u00e0 Cultura (Sefic), para viagens a se realizarem em julho. Das 162 candidaturas que entraram na pauta da reuni\u00e3o da Comiss\u00e3o de Avalia\u00e7\u00e3o, ocorrida nos dias 19 e 22 de junho, foram selecionadas 101, sendo [&hellip;]<\/p>\n","protected":false},"author":3,"featured_media":0,"comment_status":"open","ping_status":"open","sticky":false,"template":"","format":"standard","meta":{"tdm_status":"","tdm_grid_status":"","footnotes":""},"categories":[22],"tags":[],"class_list":{"0":"post-4208","1":"post","2":"type-post","3":"status-publish","4":"format-standard","6":"category-brasil"},"_links":{"self":[{"href":"https:\/\/migracao.redenoticia.com.br\/noticia\/wp-json\/wp\/v2\/posts\/4208","targetHints":{"allow":["GET"]}}],"collection":[{"href":"https:\/\/migracao.redenoticia.com.br\/noticia\/wp-json\/wp\/v2\/posts"}],"about":[{"href":"https:\/\/migracao.redenoticia.com.br\/noticia\/wp-json\/wp\/v2\/types\/post"}],"author":[{"embeddable":true,"href":"https:\/\/migracao.redenoticia.com.br\/noticia\/wp-json\/wp\/v2\/users\/3"}],"replies":[{"embeddable":true,"href":"https:\/\/migracao.redenoticia.com.br\/noticia\/wp-json\/wp\/v2\/comments?post=4208"}],"version-history":[{"count":0,"href":"https:\/\/migracao.redenoticia.com.br\/noticia\/wp-json\/wp\/v2\/posts\/4208\/revisions"}],"wp:attachment":[{"href":"https:\/\/migracao.redenoticia.com.br\/noticia\/wp-json\/wp\/v2\/media?parent=4208"}],"wp:term":[{"taxonomy":"category","embeddable":true,"href":"https:\/\/migracao.redenoticia.com.br\/noticia\/wp-json\/wp\/v2\/categories?post=4208"},{"taxonomy":"post_tag","embeddable":true,"href":"https:\/\/migracao.redenoticia.com.br\/noticia\/wp-json\/wp\/v2\/tags?post=4208"}],"curies":[{"name":"wp","href":"https:\/\/api.w.org\/{rel}","templated":true}]}}