{"id":4231,"date":"2009-06-30T07:55:34","date_gmt":"2009-06-30T11:55:34","guid":{"rendered":"http:\/\/www.redenoticia.com.br\/noticia\/?p=4231"},"modified":"2009-06-30T07:55:34","modified_gmt":"2009-06-30T11:55:34","slug":"jesualdo-vistoria-obras-da-caerd-em-ji-parana","status":"publish","type":"post","link":"https:\/\/migracao.redenoticia.com.br\/noticia\/2009\/jesualdo-vistoria-obras-da-caerd-em-ji-parana\/4231","title":{"rendered":"Jesualdo vistoria obras da Caerd em Ji-Paran\u00e1"},"content":{"rendered":"<p><span style=\"font-family: Times New Roman; font-size: small;\">O deputado Estadual Jesualdo Pires (PSB  de Ji-Paran\u00e1) esteve visitando os trabalhos de execu\u00e7\u00e3o da obra da rede  abastecimento de \u00e1gua da Companhia de \u00c1guas e Esgotos de Rond\u00f4nia (Caerd), em  bairros de Ji-Paran\u00e1. As obras est\u00e3o sendo realizadas pela empresa Escala  Engenharia e est\u00e3o em ritmo acelerado.<\/span><\/p>\n<p><span style=\"font-family: Times New Roman; font-size: small;\">Segundo o deputado, com o t\u00e9rmino das  obras a Caerd estar\u00e1 levando \u00e1gua tratada para mais de 90% da popula\u00e7\u00e3o de  Ji-Paran\u00e1, contribuindo para a melhoria da qualidade de vida de milhares de  pessoas. <\/span><\/p>\n<p><span style=\"font-family: Times New Roman; font-size: small;\">\u201c\u00c9 uma obra muito importante porque \u00e1gua  limpa e de qualidade est\u00e1 diretamente ligada ao fator sa\u00fade. Os moradores  estar\u00e3o se prevenindo de in\u00fameras doen\u00e7as ao ter acesso a esse beneficio\u201d.  Salientou.<\/span><\/p>\n<p><span style=\"font-family: Times New Roman; font-size: small;\">Est\u00e3o sendo investidos na implanta\u00e7\u00e3o da  rede de tubula\u00e7\u00e3o cerca de R$ 9,8 milh\u00f5es, sendo que a \u00e1gua tratada atingir\u00e1 os  bairros S\u00e3o Pedro, Cafezinho, Jorge Teixeira e Val Para\u00edso, S\u00e3o Bernardo,  Aur\u00e9lio Bernardi, Novo Ji-Paran\u00e1, Novo Urup\u00e1, Bela Vista, Bom Bosco, S\u00e3o Pedro,  Duque de Caxias, S\u00e3o Francisco, Riachuelo e M\u00e1rio Andreazza (BNH).<\/span><\/p>\n<p><span style=\"font-family: Times New Roman; font-size: small;\">\u201cA previs\u00e3o \u00e9 que no pr\u00f3ximo ano, as  fam\u00edlias beneficiadas j\u00e1 estejam recebendo \u00e1gua tratada em suas casas\u201d,  ressaltou o deputado.<\/span><\/p>\n<p><span style=\"font-family: Times New Roman; font-size: small;\">Jesualdo lembrou que as obras de  implanta\u00e7\u00e3o de rede de \u00e1gua tratada tamb\u00e9m est\u00e3o previstas em outros munic\u00edpios  como Ariquemes e Jaru, por meio de recursos do Governo Federal e Estadual e  fazem parte do Programa de Acelera\u00e7\u00e3o do Crescimento (PAC).<\/span><\/p>\n","protected":false},"excerpt":{"rendered":"<p>O deputado Estadual Jesualdo Pires (PSB de Ji-Paran\u00e1) esteve visitando os trabalhos de execu\u00e7\u00e3o da obra da rede abastecimento de \u00e1gua da Companhia de \u00c1guas e Esgotos de Rond\u00f4nia (Caerd), em bairros de Ji-Paran\u00e1. As obras est\u00e3o sendo realizadas pela empresa Escala Engenharia e est\u00e3o em ritmo acelerado. Segundo o deputado, com o t\u00e9rmino das [&hellip;]<\/p>\n","protected":false},"author":3,"featured_media":0,"comment_status":"open","ping_status":"open","sticky":false,"template":"","format":"standard","meta":{"tdm_status":"","tdm_grid_status":"","footnotes":""},"categories":[22],"tags":[],"class_list":{"0":"post-4231","1":"post","2":"type-post","3":"status-publish","4":"format-standard","6":"category-brasil"},"_links":{"self":[{"href":"https:\/\/migracao.redenoticia.com.br\/noticia\/wp-json\/wp\/v2\/posts\/4231","targetHints":{"allow":["GET"]}}],"collection":[{"href":"https:\/\/migracao.redenoticia.com.br\/noticia\/wp-json\/wp\/v2\/posts"}],"about":[{"href":"https:\/\/migracao.redenoticia.com.br\/noticia\/wp-json\/wp\/v2\/types\/post"}],"author":[{"embeddable":true,"href":"https:\/\/migracao.redenoticia.com.br\/noticia\/wp-json\/wp\/v2\/users\/3"}],"replies":[{"embeddable":true,"href":"https:\/\/migracao.redenoticia.com.br\/noticia\/wp-json\/wp\/v2\/comments?post=4231"}],"version-history":[{"count":0,"href":"https:\/\/migracao.redenoticia.com.br\/noticia\/wp-json\/wp\/v2\/posts\/4231\/revisions"}],"wp:attachment":[{"href":"https:\/\/migracao.redenoticia.com.br\/noticia\/wp-json\/wp\/v2\/media?parent=4231"}],"wp:term":[{"taxonomy":"category","embeddable":true,"href":"https:\/\/migracao.redenoticia.com.br\/noticia\/wp-json\/wp\/v2\/categories?post=4231"},{"taxonomy":"post_tag","embeddable":true,"href":"https:\/\/migracao.redenoticia.com.br\/noticia\/wp-json\/wp\/v2\/tags?post=4231"}],"curies":[{"name":"wp","href":"https:\/\/api.w.org\/{rel}","templated":true}]}}