{"id":4248,"date":"2009-06-30T18:11:51","date_gmt":"2009-06-30T22:11:51","guid":{"rendered":"http:\/\/www.redenoticia.com.br\/noticia\/?p=4248"},"modified":"2009-07-01T15:52:00","modified_gmt":"2009-07-01T19:52:00","slug":"tudo-pronto-para-a-expojipa","status":"publish","type":"post","link":"https:\/\/migracao.redenoticia.com.br\/noticia\/2009\/tudo-pronto-para-a-expojipa\/4248","title":{"rendered":"Tudo pronto para a EXPOJIPA"},"content":{"rendered":"<p>Come\u00e7a no pr\u00f3ximo s\u00e1bado(4), a 30\u00aa Exposi\u00e7\u00e3o Agropecu\u00e1ria Industrial e Comercial de Ji-Paran\u00e1, (EXPOJIPA). A dupla C\u00e9sar Menotti e Fabiano far\u00e1 o show de abertura da festa. A apresenta\u00e7\u00e3o est\u00e1 prevista para as 23h, no repert\u00f3rio m\u00fasicas que marcaram a carreira da dupla como: Ciumenta, , Caso por Acaso, Como um Anjo e Leil\u00e3o. A programa\u00e7\u00e3o ainda reserva shows com Th\u00ea Garotos (9), Fernando e Sorocaba (10) e NXZero (11). \u201cEste ano a feira tem um incentivo a mais, tr\u00eas d\u00e9cadas de Expojipa. E por isso estamos preparamos um evento todo especial pra marcar a data\u201d disse o presidente da Associa\u00e7\u00e3o Rural de Rond\u00f4nia, Coriolano Nogueira Franco, o Curi\u00f3.<\/p>\n<p>O show de pr\u00eamios tamb\u00e9m promete marcar a data. A Associa\u00e7\u00e3o Rural de Rond\u00f4nia vai sortear\u00a0 cinco caminhonetes\u00a0 S-10 e uma moto XTZ 125ccYamaha.<\/p>\n<p>Para o rodeio a Associa\u00e7\u00e3o Rural de Rond\u00f4nia, j\u00e1 contratou os melhores locutores de rodeio do Brasil: Valtinho dos Santos, Gleydson Rodrigues, Marcos Vinicius, e Barra Mansa. A locu\u00e7\u00e3o comercial e os coment\u00e1rios ficam a cargo de Jow Amaral.<\/p>\n<p>O rodeio qualify, classificat\u00f3rio para o profissional come\u00e7a no s\u00e1bado, (04\/07) e termina\u00a0 na quarta-feira,(08\/07).O rodeio profissional ter\u00e1 inicio na quinta-feira(09\/07),com um grande show pirot\u00e9cnico e terminar\u00e1 no domingo, ( 12\/07).<\/p>\n<p>Mais de 100 pe\u00f5es de todo o Brasil, j\u00e1 est\u00e3o confirmados para disputar do rodeio este ano na 30\u00aa Expojipa.<\/p>\n<p>O evento reserva ainda espa\u00e7o para torneio leiteiro, palestras, leil\u00f5es, exposi\u00e7\u00e3o de animais e produtos<\/p>\n","protected":false},"excerpt":{"rendered":"<p>Come\u00e7a no pr\u00f3ximo s\u00e1bado(4), a 30\u00aa Exposi\u00e7\u00e3o Agropecu\u00e1ria Industrial e Comercial de Ji-Paran\u00e1, (EXPOJIPA). A dupla C\u00e9sar Menotti e Fabiano far\u00e1 o show de abertura da festa. A apresenta\u00e7\u00e3o est\u00e1 prevista para as 23h, no repert\u00f3rio m\u00fasicas que marcaram a carreira da dupla como: Ciumenta, , Caso por Acaso, Como um Anjo e Leil\u00e3o. A [&hellip;]<\/p>\n","protected":false},"author":2,"featured_media":0,"comment_status":"open","ping_status":"open","sticky":false,"template":"","format":"standard","meta":{"tdm_status":"","tdm_grid_status":"","footnotes":""},"categories":[22],"tags":[],"class_list":{"0":"post-4248","1":"post","2":"type-post","3":"status-publish","4":"format-standard","6":"category-brasil"},"_links":{"self":[{"href":"https:\/\/migracao.redenoticia.com.br\/noticia\/wp-json\/wp\/v2\/posts\/4248","targetHints":{"allow":["GET"]}}],"collection":[{"href":"https:\/\/migracao.redenoticia.com.br\/noticia\/wp-json\/wp\/v2\/posts"}],"about":[{"href":"https:\/\/migracao.redenoticia.com.br\/noticia\/wp-json\/wp\/v2\/types\/post"}],"author":[{"embeddable":true,"href":"https:\/\/migracao.redenoticia.com.br\/noticia\/wp-json\/wp\/v2\/users\/2"}],"replies":[{"embeddable":true,"href":"https:\/\/migracao.redenoticia.com.br\/noticia\/wp-json\/wp\/v2\/comments?post=4248"}],"version-history":[{"count":0,"href":"https:\/\/migracao.redenoticia.com.br\/noticia\/wp-json\/wp\/v2\/posts\/4248\/revisions"}],"wp:attachment":[{"href":"https:\/\/migracao.redenoticia.com.br\/noticia\/wp-json\/wp\/v2\/media?parent=4248"}],"wp:term":[{"taxonomy":"category","embeddable":true,"href":"https:\/\/migracao.redenoticia.com.br\/noticia\/wp-json\/wp\/v2\/categories?post=4248"},{"taxonomy":"post_tag","embeddable":true,"href":"https:\/\/migracao.redenoticia.com.br\/noticia\/wp-json\/wp\/v2\/tags?post=4248"}],"curies":[{"name":"wp","href":"https:\/\/api.w.org\/{rel}","templated":true}]}}