{"id":4254,"date":"2009-06-30T18:16:47","date_gmt":"2009-06-30T22:16:47","guid":{"rendered":"http:\/\/www.redenoticia.com.br\/noticia\/?p=4254"},"modified":"2009-06-30T18:16:47","modified_gmt":"2009-06-30T22:16:47","slug":"rondonia-promove-capacitacao-para-conselheiros-da-assistencia-social","status":"publish","type":"post","link":"https:\/\/migracao.redenoticia.com.br\/noticia\/2009\/rondonia-promove-capacitacao-para-conselheiros-da-assistencia-social\/4254","title":{"rendered":"Rond\u00f4nia promove Capacita\u00e7\u00e3o para Conselheiros da Assist\u00eancia Social"},"content":{"rendered":"<p>Ser\u00e1 realizada na noite desta quarta-feira a partir das 19:00 horas no Hotel Rondon em Porto Velho, a solenidade de abertura da Capacita\u00e7\u00e3o para Conselheiros da Assist\u00eancia Social.<\/p>\n<p>O evento, que termina na pr\u00f3xima sexta-feira (26) \u00e9 realizado pelo Governo do Estado por meio da Secretaria de Assist\u00eancia Social (Seas), em parceria com o Conselho Estadual de Assist\u00eancia Social de Rond\u00f4nia (Ceas \u2013 RO).<\/p>\n<p>Segundo a secret\u00e1ria da Seas, T\u00e2nia Pires, primeira assistente social a assumir esse cargo, o encontro contar\u00e1 com a participa\u00e7\u00e3o de conselheiros de dos 52 munic\u00edpios. \u201cTeremos a participa\u00e7\u00e3o de representantes dos conselhos municipais, estadual e nacional\u201d, adianta ela.<\/p>\n<p>A presidente do Ceas \u2013 RO, a assistente social Marinilde Helena da Silva Santos, destaca a import\u00e2ncia da capacita\u00e7\u00e3o. \u201c\u00c9 necess\u00e1rio os conselheiros estarem sempre se capacitando para conhecer efetivamente o seu papel\u201d, ressaltou, observando que nos munic\u00edpios h\u00e1 uma grande mudan\u00e7a de conselheiros devido \u00e0 troca de prefeitos.<\/p>\n<p>\u201cParticipa\u00e7\u00e3o e Controle Social: interfaces necess\u00e1rias para concretiza\u00e7\u00e3o do Sistema \u00danico da Assist\u00eancia Social \u2013 Suas\u201d. Esse \u00e9 o tema da palestra de abertura, cujo palestrante ser\u00e1 Edvaldo da Silva Ramos, conselheiro do Conselho Nacional de Assist\u00eancia Social.<\/p>\n<p>Entre as quest\u00f5es que ser\u00e3o levantadas durante a programa\u00e7\u00e3o, destacam-se: Participa\u00e7\u00e3o e Controle Social Suas: o que temos e o que queremos; A representa\u00e7\u00e3o e a representatividade: dilemas para os Conselhos de Assist\u00eancia Social; Os formatos e processos de escolha dos representantes da sociedade civil nos Conselhos de Assist\u00eancia Social; A trajet\u00f3ria da participa\u00e7\u00e3o popular e significado do controle social na Pol\u00edtica de Assessoria de Assist\u00eancia Social e A trajet\u00f3ria da participa\u00e7\u00e3o popular e significado do controle social na Pol\u00edtica de Assist\u00eancia Social.<\/p>\n","protected":false},"excerpt":{"rendered":"<p>Ser\u00e1 realizada na noite desta quarta-feira a partir das 19:00 horas no Hotel Rondon em Porto Velho, a solenidade de abertura da Capacita\u00e7\u00e3o para Conselheiros da Assist\u00eancia Social. O evento, que termina na pr\u00f3xima sexta-feira (26) \u00e9 realizado pelo Governo do Estado por meio da Secretaria de Assist\u00eancia Social (Seas), em parceria com o Conselho [&hellip;]<\/p>\n","protected":false},"author":2,"featured_media":0,"comment_status":"open","ping_status":"open","sticky":false,"template":"","format":"standard","meta":{"tdm_status":"","tdm_grid_status":"","footnotes":""},"categories":[22],"tags":[],"class_list":{"0":"post-4254","1":"post","2":"type-post","3":"status-publish","4":"format-standard","6":"category-brasil"},"_links":{"self":[{"href":"https:\/\/migracao.redenoticia.com.br\/noticia\/wp-json\/wp\/v2\/posts\/4254","targetHints":{"allow":["GET"]}}],"collection":[{"href":"https:\/\/migracao.redenoticia.com.br\/noticia\/wp-json\/wp\/v2\/posts"}],"about":[{"href":"https:\/\/migracao.redenoticia.com.br\/noticia\/wp-json\/wp\/v2\/types\/post"}],"author":[{"embeddable":true,"href":"https:\/\/migracao.redenoticia.com.br\/noticia\/wp-json\/wp\/v2\/users\/2"}],"replies":[{"embeddable":true,"href":"https:\/\/migracao.redenoticia.com.br\/noticia\/wp-json\/wp\/v2\/comments?post=4254"}],"version-history":[{"count":0,"href":"https:\/\/migracao.redenoticia.com.br\/noticia\/wp-json\/wp\/v2\/posts\/4254\/revisions"}],"wp:attachment":[{"href":"https:\/\/migracao.redenoticia.com.br\/noticia\/wp-json\/wp\/v2\/media?parent=4254"}],"wp:term":[{"taxonomy":"category","embeddable":true,"href":"https:\/\/migracao.redenoticia.com.br\/noticia\/wp-json\/wp\/v2\/categories?post=4254"},{"taxonomy":"post_tag","embeddable":true,"href":"https:\/\/migracao.redenoticia.com.br\/noticia\/wp-json\/wp\/v2\/tags?post=4254"}],"curies":[{"name":"wp","href":"https:\/\/api.w.org\/{rel}","templated":true}]}}