{"id":4255,"date":"2009-06-30T18:19:49","date_gmt":"2009-06-30T22:19:49","guid":{"rendered":"http:\/\/www.redenoticia.com.br\/noticia\/?p=4255"},"modified":"2009-06-30T18:19:49","modified_gmt":"2009-06-30T22:19:49","slug":"sedam-de-rondonia-promove-reuniao-com-seringueiros","status":"publish","type":"post","link":"https:\/\/migracao.redenoticia.com.br\/noticia\/2009\/sedam-de-rondonia-promove-reuniao-com-seringueiros\/4255","title":{"rendered":"SEDAM de Rond\u00f4nia promove reuni\u00e3o com seringueiros"},"content":{"rendered":"<p>A Secretaria do Estado de Desenvolvimento Ambiental (SEDAM), participou de uma reuni\u00e3o extraordin\u00e1ria na sede da Secretaria Municipal do Meio Ambiente, em Guajar\u00e1-Mirim, com os seringueiros da Reserva Extrativista Estadual do Rio Paca\u00e1s Novos, no \u00faltimo s\u00e1bado (27). A reuni\u00e3o, promovida pelo Conselho Deliberativo da referida Unidade de Conserva\u00e7\u00e3o, teve como objetivo discutir uma sa\u00edda para o problema das comunidades tradicionais que vivem h\u00e1 d\u00e9cadas no local e que correm o risco de serem expulsos a qualquer momento, pela FUNAI.<\/p>\n<p>De acordo com os seringueiros, a FUNAI e o INCRA, \u00f3rg\u00e3o Federais, estavam a realizar um levantamento fundi\u00e1rio na localidade e agora querem obrig\u00e1-los a deixar as \u00e1reas de terra que ocupam dentro da reserva, que no entendimento da FUNAI dever\u00e3o ser repassadas aos \u00edndios que vivem na regi\u00e3o. Ressaltam ainda os moradores tradicionais que moram no local h\u00e1 mais de cem anos e sobrevivem do que plantam e colhem.<\/p>\n<p>Os extrativistas afirmam que j\u00e1 foram tangidos (expulsos) de outras localidades por causa dos \u00edndios e, segundo eles, nunca foram indenizados. Explicam que desta vez n\u00e3o t\u00eam para onde ir e por isso v\u00e3o lutar para permanecer onde est\u00e3o.<\/p>\n<p>O secret\u00e1rio da SEDAM, Cletho Muniz de Brito, estava presente na reuni\u00e3o junto com o presidente do Conselho em Guajar\u00e1-Mirim, Elibeu Carmo e Silva. \u201cAs fam\u00edlias extrativistas de Rond\u00f4nia nunca tiveram apoio. Muitos nasceram e j\u00e1 morreram l\u00e1 dentro. Agora a FUNAI est\u00e1 querendo demarcar, dizendo que o local \u00e9 terra ind\u00edgena, mesmo depois de j\u00e1 definida a quest\u00e3o atrav\u00e9s do Zoneamento Socioecon\u00f4mico e Ecol\u00f3gico do Estado de Rond\u00f4nia\u201d, afirmou o Secret\u00e1rio Cletho Muniz de Brito, ressaltando que o Governo do Estado est\u00e1 do lado dos extrativistas.<\/p>\n<p>No local moram mais de 65 fam\u00edlias que est\u00e3o entristecidas com a situa\u00e7\u00e3o e com medo de serem despejadas da \u00e1rea que cresceram. Mais de 150 moradores tradicionais participaram da reuni\u00e3o, al\u00e9m de representantes de outras institui\u00e7\u00f5es governamentais e n\u00e3o governamentais. Ao final, foi elaborado um documento relatando toda situa\u00e7\u00e3o atual da \u00e1rea em quest\u00e3o e pedindo provid\u00eancias \u00e0s autoridades competentes, bem como a retirada de cerca de 100 \u00edndios que j\u00e1 se encontram instalados indevidamente no interior da referida Unidade de Conserva\u00e7\u00e3o.<\/p>\n","protected":false},"excerpt":{"rendered":"<p>A Secretaria do Estado de Desenvolvimento Ambiental (SEDAM), participou de uma reuni\u00e3o extraordin\u00e1ria na sede da Secretaria Municipal do Meio Ambiente, em Guajar\u00e1-Mirim, com os seringueiros da Reserva Extrativista Estadual do Rio Paca\u00e1s Novos, no \u00faltimo s\u00e1bado (27). A reuni\u00e3o, promovida pelo Conselho Deliberativo da referida Unidade de Conserva\u00e7\u00e3o, teve como objetivo discutir uma sa\u00edda [&hellip;]<\/p>\n","protected":false},"author":2,"featured_media":0,"comment_status":"open","ping_status":"open","sticky":false,"template":"","format":"standard","meta":{"tdm_status":"","tdm_grid_status":"","footnotes":""},"categories":[22],"tags":[],"class_list":{"0":"post-4255","1":"post","2":"type-post","3":"status-publish","4":"format-standard","6":"category-brasil"},"_links":{"self":[{"href":"https:\/\/migracao.redenoticia.com.br\/noticia\/wp-json\/wp\/v2\/posts\/4255","targetHints":{"allow":["GET"]}}],"collection":[{"href":"https:\/\/migracao.redenoticia.com.br\/noticia\/wp-json\/wp\/v2\/posts"}],"about":[{"href":"https:\/\/migracao.redenoticia.com.br\/noticia\/wp-json\/wp\/v2\/types\/post"}],"author":[{"embeddable":true,"href":"https:\/\/migracao.redenoticia.com.br\/noticia\/wp-json\/wp\/v2\/users\/2"}],"replies":[{"embeddable":true,"href":"https:\/\/migracao.redenoticia.com.br\/noticia\/wp-json\/wp\/v2\/comments?post=4255"}],"version-history":[{"count":0,"href":"https:\/\/migracao.redenoticia.com.br\/noticia\/wp-json\/wp\/v2\/posts\/4255\/revisions"}],"wp:attachment":[{"href":"https:\/\/migracao.redenoticia.com.br\/noticia\/wp-json\/wp\/v2\/media?parent=4255"}],"wp:term":[{"taxonomy":"category","embeddable":true,"href":"https:\/\/migracao.redenoticia.com.br\/noticia\/wp-json\/wp\/v2\/categories?post=4255"},{"taxonomy":"post_tag","embeddable":true,"href":"https:\/\/migracao.redenoticia.com.br\/noticia\/wp-json\/wp\/v2\/tags?post=4255"}],"curies":[{"name":"wp","href":"https:\/\/api.w.org\/{rel}","templated":true}]}}