{"id":4261,"date":"2009-06-30T18:27:31","date_gmt":"2009-06-30T22:27:31","guid":{"rendered":"http:\/\/www.redenoticia.com.br\/noticia\/?p=4261"},"modified":"2009-07-01T15:51:32","modified_gmt":"2009-07-01T19:51:32","slug":"cooperativa-ji-credi-de-ji-parana-rondonia-recebe-homenagens","status":"publish","type":"post","link":"https:\/\/migracao.redenoticia.com.br\/noticia\/2009\/cooperativa-ji-credi-de-ji-parana-rondonia-recebe-homenagens\/4261","title":{"rendered":"Cooperativa Ji-Cred, de Ji-Paran\u00e1 &#8211; Rond\u00f4nia &#8211; recebe homenagens"},"content":{"rendered":"<p>A C\u00e2mara de Vereadores de Ji-Paran\u00e1 homenageou, na noite de segunda-feira (29), a Ji-Cred (Cooperativa de Cr\u00e9dito Rural de Ji-Paran\u00e1), pela passagem dos dez anos de atividades da institui\u00e7\u00e3o. A vereadora Solange Pereira, autora da proposta, destacou que a mo\u00e7\u00e3o honrosa concedida \u00e0 institui\u00e7\u00e3o cooperativista de cr\u00e9dito \u00e9 o reconhecimento p\u00fablico do poder legislativo e de toda a sociedade pelo trabalho desempenhado pela Ji-Cred e o comprometimento da cooperativa e de seus associados com o desenvolvimento econ\u00f4mico e social de Ji-Paran\u00e1. \u201cEstamos convencidos de que a Ji Cred se constitui em importante instrumento de promo\u00e7\u00e3o do desenvolvimento econ\u00f4mico e social\u201d.<\/p>\n<p>Representou a institui\u00e7\u00e3o cooperativista, o presidente, Milton Crevelaro; Gilberto Borgio, presidente do Sistema Credisis e tamb\u00e9m da Funda\u00e7\u00e3o Ji Cred, o s\u00f3cio e idealizador da cooperativa, Neudair de Souza; e o diretor-executivo da Funda\u00e7\u00e3o Ji-Cred, Norberto Gohl. Na abertura da solenidade, o coral da Funda\u00e7\u00e3o Ji-Cred, formado por crian\u00e7as e jovens atendidos pelos programas sociais da institui\u00e7\u00e3o, fez uma apresenta\u00e7\u00e3o para as autoridades e o p\u00fablico presente.<\/p>\n<p>\u201cFicamos muito felizes com essa homenagem, e sabemos que, se a Ji-Cred tem o seu lado financeiro, com muito sucesso, tamb\u00e9m temos o outro lado da moeda, que s\u00e3o as nossas atividades sociais, e que sinceramente nos deixam muito satisfeitos, porque s\u00e3o a\u00e7\u00f5es que mudam a vida de muitas pessoas aqui em Ji-Paran\u00e1\u201d, disse o presidente da Ji-Cred, Milton Crevelaro.<\/p>\n<p>\u201cO cooperativismo \u00e9 um fator de uni\u00e3o e tamb\u00e9m de desenvolvimento. Estudos realizados em todo o mundo mostram que o IDH (\u00cdndice de Desenvolvimento Humano) dos munic\u00edpios que possuem forte liga\u00e7\u00e3o com o cooperativismo de cr\u00e9dito \u00e9 superior, em rela\u00e7\u00e3o aos demais munic\u00edpios, e isso se traduz em maior qualidade de vida e bem-estar para a popula\u00e7\u00e3o\u201d, explicou o presidente do Sistema Credisis, Gilberto Borgio.<\/p>\n<p>Para o vice-prefeito de Ji-Paran\u00e1, Jos\u00e9 Otonio Lima Silva, \u201ca Ji-Cred \u00e9 um lugar de muito amigos e pessoas empreendedoras, que sempre batalharam pelo desenvolvimento de Ji-Paran\u00e1\u201d. J\u00e1 o presidente da C\u00e2mara, Nilton C\u00e9sar Rios, lembrou que \u201ca atua\u00e7\u00e3o da Ji-Cred no campo social \u00e9, sem d\u00favida, o principal motivo para a homenagem realizada na C\u00e2mara de Ji-Paran\u00e1, pois seus projetos sociais s\u00e3o motivo de orgulho para o munic\u00edpio\u201d.<\/p>\n","protected":false},"excerpt":{"rendered":"<p>A C\u00e2mara de Vereadores de Ji-Paran\u00e1 homenageou, na noite de segunda-feira (29), a Ji-Cred (Cooperativa de Cr\u00e9dito Rural de Ji-Paran\u00e1), pela passagem dos dez anos de atividades da institui\u00e7\u00e3o. A vereadora Solange Pereira, autora da proposta, destacou que a mo\u00e7\u00e3o honrosa concedida \u00e0 institui\u00e7\u00e3o cooperativista de cr\u00e9dito \u00e9 o reconhecimento p\u00fablico do poder legislativo e [&hellip;]<\/p>\n","protected":false},"author":2,"featured_media":0,"comment_status":"open","ping_status":"open","sticky":false,"template":"","format":"standard","meta":{"tdm_status":"","tdm_grid_status":"","footnotes":""},"categories":[22],"tags":[],"class_list":{"0":"post-4261","1":"post","2":"type-post","3":"status-publish","4":"format-standard","6":"category-brasil"},"_links":{"self":[{"href":"https:\/\/migracao.redenoticia.com.br\/noticia\/wp-json\/wp\/v2\/posts\/4261","targetHints":{"allow":["GET"]}}],"collection":[{"href":"https:\/\/migracao.redenoticia.com.br\/noticia\/wp-json\/wp\/v2\/posts"}],"about":[{"href":"https:\/\/migracao.redenoticia.com.br\/noticia\/wp-json\/wp\/v2\/types\/post"}],"author":[{"embeddable":true,"href":"https:\/\/migracao.redenoticia.com.br\/noticia\/wp-json\/wp\/v2\/users\/2"}],"replies":[{"embeddable":true,"href":"https:\/\/migracao.redenoticia.com.br\/noticia\/wp-json\/wp\/v2\/comments?post=4261"}],"version-history":[{"count":0,"href":"https:\/\/migracao.redenoticia.com.br\/noticia\/wp-json\/wp\/v2\/posts\/4261\/revisions"}],"wp:attachment":[{"href":"https:\/\/migracao.redenoticia.com.br\/noticia\/wp-json\/wp\/v2\/media?parent=4261"}],"wp:term":[{"taxonomy":"category","embeddable":true,"href":"https:\/\/migracao.redenoticia.com.br\/noticia\/wp-json\/wp\/v2\/categories?post=4261"},{"taxonomy":"post_tag","embeddable":true,"href":"https:\/\/migracao.redenoticia.com.br\/noticia\/wp-json\/wp\/v2\/tags?post=4261"}],"curies":[{"name":"wp","href":"https:\/\/api.w.org\/{rel}","templated":true}]}}