{"id":4265,"date":"2009-06-30T18:30:56","date_gmt":"2009-06-30T22:30:56","guid":{"rendered":"http:\/\/www.redenoticia.com.br\/noticia\/?p=4265"},"modified":"2009-06-30T18:30:56","modified_gmt":"2009-06-30T22:30:56","slug":"pobre-tem-que-trabalhar-mais-que-o-rico","status":"publish","type":"post","link":"https:\/\/migracao.redenoticia.com.br\/noticia\/2009\/pobre-tem-que-trabalhar-mais-que-o-rico\/4265","title":{"rendered":"Pobre tem que trabalhar mais que o rico"},"content":{"rendered":"<p><em>Estudo mostra que os mais pobres t\u00eam de trabalhar quase duas vezes mais que os ricos pela arrecada\u00e7\u00e3o tribut\u00e1ria atual<\/em><\/p>\n<p>O<strong> <\/strong><strong>Ipea<\/strong> divulgou hoje (30), em sua sede em Bras\u00edlia, o\u00a0Comunicado da Presid\u00eancia\u00a0n\u00ba 22: \u00a0<strong>\u201cReceita P\u00fablica: Quem paga e como se gasta no Brasil\u201d<\/strong>. Estudo mostra que os mais pobres t\u00eam de trabalhar quase duas vezes mais que os ricos pela arrecada\u00e7\u00e3o tribut\u00e1ria atual.<\/p>\n<p>Como primeiro fruto de um acordo entre o\u00a0<strong>Ipea<\/strong> e a Receita Federal do Brasil (RFB), foi divulgado o comunicado que apresenta a estimativa do instituto para a Carga Tribut\u00e1ria Bruta de 2008 e sua divis\u00e3o ao longo do ano,\u00a0per capita, com a quantidade de dias com que cada cidad\u00e3o contribui para o financiamento do Estado e das pol\u00edticas p\u00fablicas.<\/p>\n<p>O\u00a0Comunicado\u00a0destaca que mais importante \u00e9 a percep\u00e7\u00e3o de que a carga tribut\u00e1ria n\u00e3o onera de forma equ\u00e2nime todos os brasileiros. O que significa dizer que, se o cidad\u00e3o brasileiro destinou, em m\u00e9dia, 132 dias para o pagamento de tributos em 2008, h\u00e1 enormes desigualdades que devem ser mais bem estudadas e combatidas.<\/p>\n<p>Dos cidad\u00e3os mais pobres terminou sendo exigido um esfor\u00e7o equivalente a 197 dias, enquanto que os cidad\u00e3os mais ricos aportariam 106 dias \u2013 tr\u00eas meses a menos.<\/p>\n<p><strong> <\/strong><\/p>\n<p><strong><a href=\"http:\/\/www.ipea.gov.br\/sites\/000\/2\/pdf\/comunicado_da_presidencia_n22.pdf\" target=\"_blank\">Leia o Comunicado<\/a><\/strong><\/p>\n","protected":false},"excerpt":{"rendered":"<p>Estudo mostra que os mais pobres t\u00eam de trabalhar quase duas vezes mais que os ricos pela arrecada\u00e7\u00e3o tribut\u00e1ria atual O Ipea divulgou hoje (30), em sua sede em Bras\u00edlia, o\u00a0Comunicado da Presid\u00eancia\u00a0n\u00ba 22: \u00a0\u201cReceita P\u00fablica: Quem paga e como se gasta no Brasil\u201d. Estudo mostra que os mais pobres t\u00eam de trabalhar quase duas [&hellip;]<\/p>\n","protected":false},"author":2,"featured_media":0,"comment_status":"open","ping_status":"open","sticky":false,"template":"","format":"standard","meta":{"tdm_status":"","tdm_grid_status":"","footnotes":""},"categories":[22,7],"tags":[],"class_list":{"0":"post-4265","1":"post","2":"type-post","3":"status-publish","4":"format-standard","6":"category-brasil","7":"category-economia"},"_links":{"self":[{"href":"https:\/\/migracao.redenoticia.com.br\/noticia\/wp-json\/wp\/v2\/posts\/4265","targetHints":{"allow":["GET"]}}],"collection":[{"href":"https:\/\/migracao.redenoticia.com.br\/noticia\/wp-json\/wp\/v2\/posts"}],"about":[{"href":"https:\/\/migracao.redenoticia.com.br\/noticia\/wp-json\/wp\/v2\/types\/post"}],"author":[{"embeddable":true,"href":"https:\/\/migracao.redenoticia.com.br\/noticia\/wp-json\/wp\/v2\/users\/2"}],"replies":[{"embeddable":true,"href":"https:\/\/migracao.redenoticia.com.br\/noticia\/wp-json\/wp\/v2\/comments?post=4265"}],"version-history":[{"count":0,"href":"https:\/\/migracao.redenoticia.com.br\/noticia\/wp-json\/wp\/v2\/posts\/4265\/revisions"}],"wp:attachment":[{"href":"https:\/\/migracao.redenoticia.com.br\/noticia\/wp-json\/wp\/v2\/media?parent=4265"}],"wp:term":[{"taxonomy":"category","embeddable":true,"href":"https:\/\/migracao.redenoticia.com.br\/noticia\/wp-json\/wp\/v2\/categories?post=4265"},{"taxonomy":"post_tag","embeddable":true,"href":"https:\/\/migracao.redenoticia.com.br\/noticia\/wp-json\/wp\/v2\/tags?post=4265"}],"curies":[{"name":"wp","href":"https:\/\/api.w.org\/{rel}","templated":true}]}}