{"id":4282,"date":"2009-07-01T08:54:21","date_gmt":"2009-07-01T12:54:21","guid":{"rendered":"http:\/\/www.redenoticia.com.br\/noticia\/?p=4282"},"modified":"2009-07-01T08:54:21","modified_gmt":"2009-07-01T12:54:21","slug":"curriculo-do-ensino-medio-muda-para-melhorar-qualidade-da-educacao","status":"publish","type":"post","link":"https:\/\/migracao.redenoticia.com.br\/noticia\/2009\/curriculo-do-ensino-medio-muda-para-melhorar-qualidade-da-educacao\/4282","title":{"rendered":"Curr\u00edculo do ensino m\u00e9dio muda para melhorar qualidade da educa\u00e7\u00e3o"},"content":{"rendered":"<p>O Conselho Nacional de Educa\u00e7\u00e3o (CNE) aprovou nesta ter\u00e7a-feira, 30, em Bras\u00edlia, por unanimidade, a proposta do Minist\u00e9rio da Educa\u00e7\u00e3o para apoiar experi\u00eancias curriculares inovadoras no ensino m\u00e9dio. A partir de 2010, cerca de cem escolas de ensino m\u00e9dio dever\u00e3o receber financiamento do minist\u00e9rio para implantar mudan\u00e7as curriculares capazes de melhorar a qualidade da educa\u00e7\u00e3o oferecida nesse n\u00edvel de ensino e ainda torn\u00e1-lo mais atraente.<br \/>\n\u201cEsperamos que essa proposta seja acompanhada e avaliada e possa se tornar uma pol\u00edtica universal\u201d, disse a secret\u00e1ria de educa\u00e7\u00e3o b\u00e1sica do Minist\u00e9rio da Educa\u00e7\u00e3o, Maria do Pilar Lacerda. De acordo com ela, a inten\u00e7\u00e3o \u00e9 que o programa seja estendido e que todas as escolas que oferecem ensino m\u00e9dio possam adotar as mudan\u00e7as curriculares debatidas. \u201cNossa inten\u00e7\u00e3o n\u00e3o \u00e9 ter escolas modelos, mas que todas possam oferecer ensino de mais qualidade\u201d, completou o coordenador-geral do ensino m\u00e9dio da Secretaria de Educa\u00e7\u00e3o B\u00e1sica, Carlos Artexes Sim\u00f5es.<br \/>\nPela proposta, o minist\u00e9rio financiar\u00e1 projetos de escolas p\u00fablicas que privilegiem, entre outras mudan\u00e7as, um curr\u00edculo interdisciplinar e flex\u00edvel para o ensino m\u00e9dio. A inten\u00e7\u00e3o \u00e9 que a atual estrutura curricular \u2013 organizada em disciplinas fragmentadas \u2013 seja substitu\u00edda pela organiza\u00e7\u00e3o dos conte\u00fados em quatro eixos: trabalho, ci\u00eancia, tecnologia e cultura, a fim de promover um maior di\u00e1logo entre as disciplinas para que os conte\u00fados ensinados ganhem maior rela\u00e7\u00e3o com o cotidiano e fa\u00e7am mais sentido para os alunos. Outra mudan\u00e7a a ser estimulada \u00e9 a flexibilidade do curr\u00edculo: 20% da grade curricular deve ser escolhida pelo aluno.<br \/>\nO texto tamb\u00e9m prev\u00ea o aumento da carga hor\u00e1ria m\u00ednima do ensino m\u00e9dio \u2013 de 2,4 mil horas anuais para 3 mil \u2013 al\u00e9m do foco na leitura, que deve perpassar todos os campos do conhecimento. A proposta ainda estimula experi\u00eancias que instiguem a participa\u00e7\u00e3o social dos alunos, al\u00e9m do desenvolvimento de atividades culturais, esportivas e de prepara\u00e7\u00e3o para o mundo do trabalho.<br \/>\nSegundo Artexes, a partir das recomenda\u00e7\u00f5es do CNE \u00e0 proposta, o minist\u00e9rio ter\u00e1 condi\u00e7\u00f5es de organizar o programa e apresent\u00e1-lo aos estados e ao Distrito Federal. \u201cNos pr\u00f3ximos 40 dias, o minist\u00e9rio definir\u00e1 o volume de recursos dispon\u00edvel para o programa e a forma de financiamento, se diretamente \u00e0 escola ou se por meio de conv\u00eanio com as secretarias estaduais\u201d, afirmou.<\/p>\n<p>Maria Clara Machado<\/p>\n<p><strong>MEC<\/strong><\/p>\n","protected":false},"excerpt":{"rendered":"<p>O Conselho Nacional de Educa\u00e7\u00e3o (CNE) aprovou nesta ter\u00e7a-feira, 30, em Bras\u00edlia, por unanimidade, a proposta do Minist\u00e9rio da Educa\u00e7\u00e3o para apoiar experi\u00eancias curriculares inovadoras no ensino m\u00e9dio. A partir de 2010, cerca de cem escolas de ensino m\u00e9dio dever\u00e3o receber financiamento do minist\u00e9rio para implantar mudan\u00e7as curriculares capazes de melhorar a qualidade da educa\u00e7\u00e3o [&hellip;]<\/p>\n","protected":false},"author":3,"featured_media":0,"comment_status":"open","ping_status":"open","sticky":false,"template":"","format":"standard","meta":{"tdm_status":"","tdm_grid_status":"","footnotes":""},"categories":[22],"tags":[],"class_list":{"0":"post-4282","1":"post","2":"type-post","3":"status-publish","4":"format-standard","6":"category-brasil"},"_links":{"self":[{"href":"https:\/\/migracao.redenoticia.com.br\/noticia\/wp-json\/wp\/v2\/posts\/4282","targetHints":{"allow":["GET"]}}],"collection":[{"href":"https:\/\/migracao.redenoticia.com.br\/noticia\/wp-json\/wp\/v2\/posts"}],"about":[{"href":"https:\/\/migracao.redenoticia.com.br\/noticia\/wp-json\/wp\/v2\/types\/post"}],"author":[{"embeddable":true,"href":"https:\/\/migracao.redenoticia.com.br\/noticia\/wp-json\/wp\/v2\/users\/3"}],"replies":[{"embeddable":true,"href":"https:\/\/migracao.redenoticia.com.br\/noticia\/wp-json\/wp\/v2\/comments?post=4282"}],"version-history":[{"count":0,"href":"https:\/\/migracao.redenoticia.com.br\/noticia\/wp-json\/wp\/v2\/posts\/4282\/revisions"}],"wp:attachment":[{"href":"https:\/\/migracao.redenoticia.com.br\/noticia\/wp-json\/wp\/v2\/media?parent=4282"}],"wp:term":[{"taxonomy":"category","embeddable":true,"href":"https:\/\/migracao.redenoticia.com.br\/noticia\/wp-json\/wp\/v2\/categories?post=4282"},{"taxonomy":"post_tag","embeddable":true,"href":"https:\/\/migracao.redenoticia.com.br\/noticia\/wp-json\/wp\/v2\/tags?post=4282"}],"curies":[{"name":"wp","href":"https:\/\/api.w.org\/{rel}","templated":true}]}}