{"id":4299,"date":"2009-07-01T10:06:00","date_gmt":"2009-07-01T14:06:00","guid":{"rendered":"http:\/\/www.redenoticia.com.br\/noticia\/?p=4299"},"modified":"2009-07-01T10:06:00","modified_gmt":"2009-07-01T14:06:00","slug":"agenda-das-oficinas-do-programa-minha-casa-minha-vida","status":"publish","type":"post","link":"https:\/\/migracao.redenoticia.com.br\/noticia\/2009\/agenda-das-oficinas-do-programa-minha-casa-minha-vida\/4299","title":{"rendered":"Agenda das oficinas do Programa Minha Casa Minha Vida"},"content":{"rendered":"<p>Acontece nesta sexta-feira (3), em Bras\u00edlia, oficina sobre o Programa Minha Casa Minha Vida (PMCMV), com presen\u00e7a da secret\u00e1ria Nacional de Habita\u00e7\u00e3o, In\u00eas Magalh\u00e3es. O evento tem o intuito de reunir gestores p\u00fablicos, representantes de movimentos sociais e da iniciativa privada, envolvidos \u00e0 quest\u00e3o habitacional, para responder a d\u00favidas sobre o programa.<\/p>\n<p>Em Bras\u00edlia, ser\u00e3o convidados representantes do Distrito Federal e dos estados do Goi\u00e1s e Tocantins. Este ser\u00e1 o segundo encontro da s\u00e9rie de encontros promovida pelo Minist\u00e9rio das Cidades, em parceria com a Frente Nacional de Prefeitos (FNP), com apoio da Caixa Econ\u00f4mica Federal.<\/p>\n<p><strong>Agenda<\/strong> \u2013 Na pr\u00f3xima semana, est\u00e3o agendadas oficinas do Programa Minha Casa Minha Vida (PMCMV) em Manaus, Bel\u00e9m e Recife para discutir o programa com os segmentos ligados \u00e0 habita\u00e7\u00e3o nas regi\u00f5es Norte e Nordeste. O encontro em Manaus reunir\u00e1 representantes dos estados do Amazonas, de Roraima, Acre e Rond\u00f4nia; a oficina em Bel\u00e9m, representantes de Par\u00e1 e Amap\u00e1; e o evento de Recife, representantes de Pernambuco e Para\u00edba.<\/p>\n<p>Em Rond\u00f4nia, Porto Velho e Ji-Paran\u00e1 j\u00e1 est\u00e3o recebendo inscri\u00e7\u00f5es para o Programa Minha Casa Minha Vida (PMCMV) pela Internet.<br \/>\nServi\u00e7o:<br \/>\n<em>Oficina sobre o Programa Minha Casa, Minha Vida em Bras\u00edlia com a secret\u00e1ria Nacional de Habita\u00e7\u00e3o, In\u00eas Magalh\u00e3es. <\/em><br \/>\nData: sexta-feira (3\/7\/2009)<br \/>\nHor\u00e1rio: 14h30<br \/>\nLocal: Centro de Conven\u00e7\u00f5es Ulisses Guimar\u00e3es \u2013 Audit\u00f3rio Buriti<br \/>\n(Eixo Monumental \u2013 Setor de Divulga\u00e7\u00e3o Cultural \u2013 Bras\u00edlia\/DF)<\/p>\n<p><strong>Minist\u00e9rio das Cidades<br \/>\nAssessoria de Comunica\u00e7\u00e3o<\/strong><\/p>\n","protected":false},"excerpt":{"rendered":"<p>Acontece nesta sexta-feira (3), em Bras\u00edlia, oficina sobre o Programa Minha Casa Minha Vida (PMCMV), com presen\u00e7a da secret\u00e1ria Nacional de Habita\u00e7\u00e3o, In\u00eas Magalh\u00e3es. O evento tem o intuito de reunir gestores p\u00fablicos, representantes de movimentos sociais e da iniciativa privada, envolvidos \u00e0 quest\u00e3o habitacional, para responder a d\u00favidas sobre o programa. Em Bras\u00edlia, ser\u00e3o [&hellip;]<\/p>\n","protected":false},"author":3,"featured_media":0,"comment_status":"open","ping_status":"open","sticky":false,"template":"","format":"standard","meta":{"tdm_status":"","tdm_grid_status":"","footnotes":""},"categories":[22],"tags":[],"class_list":{"0":"post-4299","1":"post","2":"type-post","3":"status-publish","4":"format-standard","6":"category-brasil"},"_links":{"self":[{"href":"https:\/\/migracao.redenoticia.com.br\/noticia\/wp-json\/wp\/v2\/posts\/4299","targetHints":{"allow":["GET"]}}],"collection":[{"href":"https:\/\/migracao.redenoticia.com.br\/noticia\/wp-json\/wp\/v2\/posts"}],"about":[{"href":"https:\/\/migracao.redenoticia.com.br\/noticia\/wp-json\/wp\/v2\/types\/post"}],"author":[{"embeddable":true,"href":"https:\/\/migracao.redenoticia.com.br\/noticia\/wp-json\/wp\/v2\/users\/3"}],"replies":[{"embeddable":true,"href":"https:\/\/migracao.redenoticia.com.br\/noticia\/wp-json\/wp\/v2\/comments?post=4299"}],"version-history":[{"count":0,"href":"https:\/\/migracao.redenoticia.com.br\/noticia\/wp-json\/wp\/v2\/posts\/4299\/revisions"}],"wp:attachment":[{"href":"https:\/\/migracao.redenoticia.com.br\/noticia\/wp-json\/wp\/v2\/media?parent=4299"}],"wp:term":[{"taxonomy":"category","embeddable":true,"href":"https:\/\/migracao.redenoticia.com.br\/noticia\/wp-json\/wp\/v2\/categories?post=4299"},{"taxonomy":"post_tag","embeddable":true,"href":"https:\/\/migracao.redenoticia.com.br\/noticia\/wp-json\/wp\/v2\/tags?post=4299"}],"curies":[{"name":"wp","href":"https:\/\/api.w.org\/{rel}","templated":true}]}}