{"id":43,"date":"2009-03-30T20:51:00","date_gmt":"2009-03-30T23:51:00","guid":{"rendered":"http:\/\/www.redenoticia.com.br\/noticia\/?p=43"},"modified":"2009-04-10T17:00:13","modified_gmt":"2009-04-10T20:00:13","slug":"dia-estadual-do-proerd","status":"publish","type":"post","link":"https:\/\/migracao.redenoticia.com.br\/noticia\/2009\/dia-estadual-do-proerd\/43","title":{"rendered":"Dia Estadual do PROERD"},"content":{"rendered":"\n<p>[singlepic id=225 w=320 h=240 float=left]Em 2008 a Assembl\u00e9ia Legislativa de Rond\u00f4nia instituiu <strong>15 de abril<\/strong> como o &#8220;Dia Estadual do PROERD&#8221;.<\/p>\n<p class=\"NormalWeb1\"><span>PROERD \u00e9 um programa de car\u00e1ter social preventivo, posto em pr\u00e1tica pela Pol\u00edcia Militar, junto aos alunos do 5\u00ba ano que se encontram na faixa et\u00e1ria de 09 a 12 anos de idade e dos adolescentes do 7\u00ba ano, na faixa et\u00e1ria de 12 a 14 anos de idade. O programa \u00e9 aplicado nas escolas da rede de ensino p\u00fablico e privado, atrav\u00e9s do esfor\u00e7o cooperativo entre Pol\u00edcia Militar, Escola e fam\u00edlia, oferecendo atividades educacionais em sala de aula, que inserem em nossas crian\u00e7as e adolescentes a necessidade de desenvolver as suas potencialidades, ajudando a preparar para o futuro uma gera\u00e7\u00e3o consciente do exerc\u00edcio de sua cidadania.<\/span><\/p>\n<p><span>O programa de preven\u00e7\u00e3o orienta os alunos a dizerem n\u00e3o \u00e0s drogas e a todas as formas de viol\u00eancia.<\/span><\/p>\n<p class=\"MsoNormal\"><span>O PROERD tamb\u00e9m oferece um curso especifico \u00e0 fam\u00edlia, \u00e9 desenvolvido em 5 (cinco) encontros, uma vez por semana, durante 2 (duas) horas. Tem como objetivo capacitar os pais a ajudarem os seus filhos a fazerem escolhas positivas. S\u00e3o discutidas informa\u00e7\u00f5es relacionadas com fatores de risco e prote\u00e7\u00e3o, rede de apoio, resolu\u00e7\u00e3o de conflitos, t\u00e9cnicas de comunica\u00e7\u00e3o, entre outros.<\/span><\/p>\n<p class=\"NormalWeb1\"><span>Segundo um dos instrutores do<\/span> <span>PROERD<\/span>, PM Paulo Paix\u00e3o, o programa tem por objetivo a preven\u00e7\u00e3o do uso de drogas entre crian\u00e7as em idade escolar. O PROERD dura seis meses. \u00c9 realizada uma aula por semana de 45 minutos. As crian\u00e7as fazem 17 li\u00e7\u00f5es e depois recebem o certificado, afirmou o instrutor.<\/p>\n","protected":false},"excerpt":{"rendered":"<p>[singlepic id=225 w=320 h=240 float=left]Em 2008 a Assembl\u00e9ia Legislativa de Rond\u00f4nia instituiu 15 de abril como o &#8220;Dia Estadual do PROERD&#8221;. PROERD \u00e9 um programa de car\u00e1ter social preventivo, posto em pr\u00e1tica pela Pol\u00edcia Militar, junto aos alunos do 5\u00ba ano que se encontram na faixa et\u00e1ria de 09 a 12 anos de idade e [&hellip;]<\/p>\n","protected":false},"author":2,"featured_media":0,"comment_status":"open","ping_status":"open","sticky":false,"template":"","format":"standard","meta":{"tdm_status":"","tdm_grid_status":"","footnotes":""},"categories":[5],"tags":[],"class_list":{"0":"post-43","1":"post","2":"type-post","3":"status-publish","4":"format-standard","6":"category-saude-e-vida"},"_links":{"self":[{"href":"https:\/\/migracao.redenoticia.com.br\/noticia\/wp-json\/wp\/v2\/posts\/43","targetHints":{"allow":["GET"]}}],"collection":[{"href":"https:\/\/migracao.redenoticia.com.br\/noticia\/wp-json\/wp\/v2\/posts"}],"about":[{"href":"https:\/\/migracao.redenoticia.com.br\/noticia\/wp-json\/wp\/v2\/types\/post"}],"author":[{"embeddable":true,"href":"https:\/\/migracao.redenoticia.com.br\/noticia\/wp-json\/wp\/v2\/users\/2"}],"replies":[{"embeddable":true,"href":"https:\/\/migracao.redenoticia.com.br\/noticia\/wp-json\/wp\/v2\/comments?post=43"}],"version-history":[{"count":0,"href":"https:\/\/migracao.redenoticia.com.br\/noticia\/wp-json\/wp\/v2\/posts\/43\/revisions"}],"wp:attachment":[{"href":"https:\/\/migracao.redenoticia.com.br\/noticia\/wp-json\/wp\/v2\/media?parent=43"}],"wp:term":[{"taxonomy":"category","embeddable":true,"href":"https:\/\/migracao.redenoticia.com.br\/noticia\/wp-json\/wp\/v2\/categories?post=43"},{"taxonomy":"post_tag","embeddable":true,"href":"https:\/\/migracao.redenoticia.com.br\/noticia\/wp-json\/wp\/v2\/tags?post=43"}],"curies":[{"name":"wp","href":"https:\/\/api.w.org\/{rel}","templated":true}]}}