{"id":4302,"date":"2009-07-01T10:14:25","date_gmt":"2009-07-01T14:14:25","guid":{"rendered":"http:\/\/www.redenoticia.com.br\/noticia\/?p=4302"},"modified":"2009-07-01T10:14:25","modified_gmt":"2009-07-01T14:14:25","slug":"camara-instala-comissao-para-pec-27008-que-trata-de-aposentadoria-por-invalidez","status":"publish","type":"post","link":"https:\/\/migracao.redenoticia.com.br\/noticia\/2009\/camara-instala-comissao-para-pec-27008-que-trata-de-aposentadoria-por-invalidez\/4302","title":{"rendered":"C\u00e2mara instala comiss\u00e3o para PEC 270\/08, que trata de aposentadoria por invalidez"},"content":{"rendered":"<p>A PEC 270\/08, da deputada Andreia Zito (PSDB\/RJ) garante ao servidor que aposentar-se por invalidez permanente o direito aos proventos integrais com paridade, ser\u00e1 analisada em comiss\u00e3o especial.<\/p>\n<p>Finalmente, depois de uma batalha dos aposentados do Pa\u00eds, nesta ter\u00e7a-feira (30), a comiss\u00e3o de m\u00e9rito foi instalada com a elei\u00e7\u00e3o do presidente dos trabalhos e a escolha do relator da proposi\u00e7\u00e3o.<\/p>\n<p>Foi eleito presidente do colegiado o deputado Osvaldo Reis (PMDB\/TO).<\/p>\n<p>O primeiro vice-presidente \u00e9 o deputado Ant\u00f4nio Carlos Biffi (PT\/MS), o segundo vice \u00e9 o deputado Mauro Nazif (PSB\/RO) e o terceiro vice \u00e9 o deputado Germano Bonow (DEM\/RS).<\/p>\n<p>O relator da mat\u00e9ria \u00e9 o deputado Arnaldo Faria de S\u00e1 (PTB\/SP).<\/p>\n<p>O colegiado ter\u00e1 40 sess\u00f5es do plen\u00e1rio da Casa para elaborar e votar o parecer sobre a mat\u00e9ria. Nas primeiras dez sess\u00f5es os membros da comiss\u00e3o podem apresentar emendas ao texto.<\/p>\n<p>Ap\u00f3s analise da proposta pela comiss\u00e3o especial, a PEC ser\u00e1 apreciada pelo plen\u00e1rio da C\u00e2mara dos Deputados em dois turnos de vota\u00e7\u00e3o, cujo quorum m\u00ednimo \u00e9 de 308 votos.<\/p>\n<p>O colegiado se re\u00fane, na pr\u00f3xima quinta-feira (9), para debater os pr\u00f3ximos passos da comiss\u00e3o especial, que redundar\u00e1 na elabora\u00e7\u00e3o de um calend\u00e1rio de audi\u00eancias p\u00fablicas em que ser\u00e3o convidadas v\u00e1rias pessoas, entre autoridades e especialistas para debater a proposta.<\/p>\n<p><a href=\"http:\/\/www.diap.org.br\/index.php\/agencia-diap\">Ag\u00eancia DIAP <\/a><\/p>\n","protected":false},"excerpt":{"rendered":"<p>A PEC 270\/08, da deputada Andreia Zito (PSDB\/RJ) garante ao servidor que aposentar-se por invalidez permanente o direito aos proventos integrais com paridade, ser\u00e1 analisada em comiss\u00e3o especial. Finalmente, depois de uma batalha dos aposentados do Pa\u00eds, nesta ter\u00e7a-feira (30), a comiss\u00e3o de m\u00e9rito foi instalada com a elei\u00e7\u00e3o do presidente dos trabalhos e a [&hellip;]<\/p>\n","protected":false},"author":3,"featured_media":0,"comment_status":"open","ping_status":"open","sticky":false,"template":"","format":"standard","meta":{"tdm_status":"","tdm_grid_status":"","footnotes":""},"categories":[22,7],"tags":[],"class_list":{"0":"post-4302","1":"post","2":"type-post","3":"status-publish","4":"format-standard","6":"category-brasil","7":"category-economia"},"_links":{"self":[{"href":"https:\/\/migracao.redenoticia.com.br\/noticia\/wp-json\/wp\/v2\/posts\/4302","targetHints":{"allow":["GET"]}}],"collection":[{"href":"https:\/\/migracao.redenoticia.com.br\/noticia\/wp-json\/wp\/v2\/posts"}],"about":[{"href":"https:\/\/migracao.redenoticia.com.br\/noticia\/wp-json\/wp\/v2\/types\/post"}],"author":[{"embeddable":true,"href":"https:\/\/migracao.redenoticia.com.br\/noticia\/wp-json\/wp\/v2\/users\/3"}],"replies":[{"embeddable":true,"href":"https:\/\/migracao.redenoticia.com.br\/noticia\/wp-json\/wp\/v2\/comments?post=4302"}],"version-history":[{"count":0,"href":"https:\/\/migracao.redenoticia.com.br\/noticia\/wp-json\/wp\/v2\/posts\/4302\/revisions"}],"wp:attachment":[{"href":"https:\/\/migracao.redenoticia.com.br\/noticia\/wp-json\/wp\/v2\/media?parent=4302"}],"wp:term":[{"taxonomy":"category","embeddable":true,"href":"https:\/\/migracao.redenoticia.com.br\/noticia\/wp-json\/wp\/v2\/categories?post=4302"},{"taxonomy":"post_tag","embeddable":true,"href":"https:\/\/migracao.redenoticia.com.br\/noticia\/wp-json\/wp\/v2\/tags?post=4302"}],"curies":[{"name":"wp","href":"https:\/\/api.w.org\/{rel}","templated":true}]}}