{"id":4308,"date":"2009-07-01T10:53:45","date_gmt":"2009-07-01T14:53:45","guid":{"rendered":"http:\/\/www.redenoticia.com.br\/noticia\/?p=4308"},"modified":"2009-07-01T10:53:45","modified_gmt":"2009-07-01T14:53:45","slug":"aposentados-cobram-temer-sobre-reajuste-da-aposentadoria-e-fim-do-fator-previdenciario","status":"publish","type":"post","link":"https:\/\/migracao.redenoticia.com.br\/noticia\/2009\/aposentados-cobram-temer-sobre-reajuste-da-aposentadoria-e-fim-do-fator-previdenciario\/4308","title":{"rendered":"Aposentados cobram TEMER sobre reajuste da aposentadoria e fim do fator previdenci\u00e1rio"},"content":{"rendered":"<p>Aposentados e pensionistas de todo pa\u00eds que foram ontem, 30, de outros estados para acompanhar a vota\u00e7\u00e3o do PL 01\/2007, que reajusta as aposentadorias e pens\u00f5es com o mesmo \u00edndice de reajuste do sal\u00e1rio m\u00ednimo,  ainda aguardam negocia\u00e7\u00f5es entre as lideran\u00e7as e o presidente da C\u00e2mara dos Deputados, Michel Temer, que na semana passada havia prometido colocar o projeto em discuss\u00e3o.<\/p>\n<p>Apesar da grande mobiliza\u00e7\u00e3o dos aposentados, que distribu\u00edram cartazes, panfletos e colocaram faixas nas entradas da C\u00e2mara, os l\u00edderes dos partidos n\u00e3o chegaram a um acordo.<\/p>\n<p>Durante o dia o presidente da Confedera\u00e7\u00e3o Brasileira de Aposentados e Pensionistas (Cobap), Warley Martins Gon\u00e7alles, junto aos presidentes das federa\u00e7\u00f5es de aposentados e pensionistas e senadores que abra\u00e7am a causa, se reuniu com o l\u00edder do governo, Henrique Fontana, para reivindicar a vota\u00e7\u00e3o do projeto. &#8220;Posso garantir uma coisa: nunca estivemos t\u00e3o pr\u00f3ximos \u00e0 volta\u00e7\u00e3o do PL 01\/2007, mas precisamos de alguns ajustes&#8221;, garantiu Fontana.  Apesar disso os representantes dos aposentados n\u00e3o ficaram satisfeitos e, devido \u00e0 agenda do l\u00edder, marcaram nova reuni\u00e3o para hoje \u00e0s 11h.<\/p>\n<p><a href=\"http:\/\/cobap.maquinaweb.com.br\/capa\/\">Fonte COBAP<\/a><\/p>\n","protected":false},"excerpt":{"rendered":"<p>Aposentados e pensionistas de todo pa\u00eds que foram ontem, 30, de outros estados para acompanhar a vota\u00e7\u00e3o do PL 01\/2007, que reajusta as aposentadorias e pens\u00f5es com o mesmo \u00edndice de reajuste do sal\u00e1rio m\u00ednimo, ainda aguardam negocia\u00e7\u00f5es entre as lideran\u00e7as e o presidente da C\u00e2mara dos Deputados, Michel Temer, que na semana passada havia [&hellip;]<\/p>\n","protected":false},"author":3,"featured_media":0,"comment_status":"open","ping_status":"open","sticky":false,"template":"","format":"standard","meta":{"tdm_status":"","tdm_grid_status":"","footnotes":""},"categories":[22],"tags":[],"class_list":{"0":"post-4308","1":"post","2":"type-post","3":"status-publish","4":"format-standard","6":"category-brasil"},"_links":{"self":[{"href":"https:\/\/migracao.redenoticia.com.br\/noticia\/wp-json\/wp\/v2\/posts\/4308","targetHints":{"allow":["GET"]}}],"collection":[{"href":"https:\/\/migracao.redenoticia.com.br\/noticia\/wp-json\/wp\/v2\/posts"}],"about":[{"href":"https:\/\/migracao.redenoticia.com.br\/noticia\/wp-json\/wp\/v2\/types\/post"}],"author":[{"embeddable":true,"href":"https:\/\/migracao.redenoticia.com.br\/noticia\/wp-json\/wp\/v2\/users\/3"}],"replies":[{"embeddable":true,"href":"https:\/\/migracao.redenoticia.com.br\/noticia\/wp-json\/wp\/v2\/comments?post=4308"}],"version-history":[{"count":0,"href":"https:\/\/migracao.redenoticia.com.br\/noticia\/wp-json\/wp\/v2\/posts\/4308\/revisions"}],"wp:attachment":[{"href":"https:\/\/migracao.redenoticia.com.br\/noticia\/wp-json\/wp\/v2\/media?parent=4308"}],"wp:term":[{"taxonomy":"category","embeddable":true,"href":"https:\/\/migracao.redenoticia.com.br\/noticia\/wp-json\/wp\/v2\/categories?post=4308"},{"taxonomy":"post_tag","embeddable":true,"href":"https:\/\/migracao.redenoticia.com.br\/noticia\/wp-json\/wp\/v2\/tags?post=4308"}],"curies":[{"name":"wp","href":"https:\/\/api.w.org\/{rel}","templated":true}]}}