{"id":4325,"date":"2009-07-01T12:02:46","date_gmt":"2009-07-01T16:02:46","guid":{"rendered":"http:\/\/www.redenoticia.com.br\/noticia\/?p=4325"},"modified":"2009-07-01T15:46:30","modified_gmt":"2009-07-01T19:46:30","slug":"secretaria-da-saude-de-ji-parana-inicia-programa-contra-a-tuberculose-nos-presidios","status":"publish","type":"post","link":"https:\/\/migracao.redenoticia.com.br\/noticia\/2009\/secretaria-da-saude-de-ji-parana-inicia-programa-contra-a-tuberculose-nos-presidios\/4325","title":{"rendered":"Secretaria da Saude de Ji-Paran\u00e1 inicia programa contra a tuberculose nos pres\u00eddios"},"content":{"rendered":"<p>Uma parceria entre a equipe de sa\u00fade da Unidade B\u00e1sica de Sa\u00fade (UBS)  Adolpho Roh de Ji-Paran\u00e1l e agentes penitenci\u00e1rios foi firmada ontem com uma sensibiliza\u00e7\u00e3o realizada no audit\u00f3rio do Hospital Municipal. A parceria tem por objetivo identificar, controlar e tratar os casos de tuberculose registrados entre a popula\u00e7\u00e3o carcer\u00e1ria de Ji-Paran\u00e1.<\/p>\n<p>De acordo com dados do Sistema de Informa\u00e7\u00e3o de Agravos de Notifica\u00e7\u00e3o (SINAN) do Minist\u00e9rio da Sa\u00fade, 5% dos casos de tuberculose registrados no Brasil s\u00e3o da popula\u00e7\u00e3o carcer\u00e1ria. Em Ji-Paran\u00e1, segundo levantamento da Secretaria Municipal da Sa\u00fade (Semusa), 27 novos casos da doen\u00e7a foram notificados at\u00e9 o m\u00eas de junho, sendo que destes, tr\u00eas s\u00e3o de detentos, ou seja, um \u00edndice de 11,1% dos casos.<\/p>\n<p>Pelo menos 15 agentes penitenci\u00e1rios participaram da sensibiliza\u00e7\u00e3o, ministrada pelas auxiliares de enfermagem Ana Lucia Teixeira, Maria Aparecida dos Santos e a enfermeira Luilda Caetano Norberto. Na ocasi\u00e3o foi repassado como identificar os sintomas da tuberculose, recolher o material para exame e a import\u00e2ncia do tratamento, por meio de doses supervisionadas, para evitar que a doen\u00e7a se espalhe dentro dos pres\u00eddios, fato que colocaria em risco a sa\u00fade at\u00e9 mesmo dos agentes.<\/p>\n<p>A parceria entre a equipe do Adolpho Rohl, refer\u00eancia no diagn\u00f3stico e tratamento da tuberculose, e os agentes penitenci\u00e1rios deve solucionar o maior problema encontrado no controle da doen\u00e7a na popula\u00e7\u00e3o carcer\u00e1ria: a limita\u00e7\u00e3o, at\u00e9 por uma quest\u00e3o de seguran\u00e7a, do acesso da equipe de sa\u00fade aos detentos do regime fechado.<\/p>\n<p>\u201cComo os agentes tem acesso a todas as alas dos pres\u00eddios, fica mais vi\u00e1vel capacit\u00e1-los a identificar e acompanhar o tratamento da tuberculose. Essa \u00e9 uma parceria que todos s\u00f3 tem a ganhar, uma vez que os agentes tem contato constante com os detentos e s\u00e3o pass\u00edveis de contamina\u00e7\u00e3o\u201d, explicou a auxiliar de enfermagem Ana Lucia do HC de Ji-Paran\u00e1.<\/p>\n<p>Ana Lucia informou ainda que, dando prosseguimento \u00e0 sensibiliza\u00e7\u00e3o, amanh\u00e3 ser\u00e1 realizada duas palestras educativas sobre tuberculose, uma para familiares dos detentos e outra para popula\u00e7\u00e3o feminina do pres\u00eddio Agenor Martins de Carvalho.<\/p>\n","protected":false},"excerpt":{"rendered":"<p>Uma parceria entre a equipe de sa\u00fade da Unidade B\u00e1sica de Sa\u00fade (UBS) Adolpho Roh de Ji-Paran\u00e1l e agentes penitenci\u00e1rios foi firmada ontem com uma sensibiliza\u00e7\u00e3o realizada no audit\u00f3rio do Hospital Municipal. A parceria tem por objetivo identificar, controlar e tratar os casos de tuberculose registrados entre a popula\u00e7\u00e3o carcer\u00e1ria de Ji-Paran\u00e1. De acordo com [&hellip;]<\/p>\n","protected":false},"author":2,"featured_media":0,"comment_status":"open","ping_status":"open","sticky":false,"template":"","format":"standard","meta":{"tdm_status":"","tdm_grid_status":"","footnotes":""},"categories":[5],"tags":[],"class_list":{"0":"post-4325","1":"post","2":"type-post","3":"status-publish","4":"format-standard","6":"category-saude-e-vida"},"_links":{"self":[{"href":"https:\/\/migracao.redenoticia.com.br\/noticia\/wp-json\/wp\/v2\/posts\/4325","targetHints":{"allow":["GET"]}}],"collection":[{"href":"https:\/\/migracao.redenoticia.com.br\/noticia\/wp-json\/wp\/v2\/posts"}],"about":[{"href":"https:\/\/migracao.redenoticia.com.br\/noticia\/wp-json\/wp\/v2\/types\/post"}],"author":[{"embeddable":true,"href":"https:\/\/migracao.redenoticia.com.br\/noticia\/wp-json\/wp\/v2\/users\/2"}],"replies":[{"embeddable":true,"href":"https:\/\/migracao.redenoticia.com.br\/noticia\/wp-json\/wp\/v2\/comments?post=4325"}],"version-history":[{"count":0,"href":"https:\/\/migracao.redenoticia.com.br\/noticia\/wp-json\/wp\/v2\/posts\/4325\/revisions"}],"wp:attachment":[{"href":"https:\/\/migracao.redenoticia.com.br\/noticia\/wp-json\/wp\/v2\/media?parent=4325"}],"wp:term":[{"taxonomy":"category","embeddable":true,"href":"https:\/\/migracao.redenoticia.com.br\/noticia\/wp-json\/wp\/v2\/categories?post=4325"},{"taxonomy":"post_tag","embeddable":true,"href":"https:\/\/migracao.redenoticia.com.br\/noticia\/wp-json\/wp\/v2\/tags?post=4325"}],"curies":[{"name":"wp","href":"https:\/\/api.w.org\/{rel}","templated":true}]}}