{"id":4328,"date":"2009-07-01T12:06:25","date_gmt":"2009-07-01T16:06:25","guid":{"rendered":"http:\/\/www.redenoticia.com.br\/noticia\/?p=4328"},"modified":"2009-07-01T15:48:21","modified_gmt":"2009-07-01T19:48:21","slug":"secretaria-municipal-de-saude-de-porto-velho-apresenta-plano-estrategico-em-audiencia-publica","status":"publish","type":"post","link":"https:\/\/migracao.redenoticia.com.br\/noticia\/2009\/secretaria-municipal-de-saude-de-porto-velho-apresenta-plano-estrategico-em-audiencia-publica\/4328","title":{"rendered":"Secretaria municipal de Sa\u00fade de Porto Velho apresenta  Plano Estrat\u00e9gico em Audi\u00eancia P\u00fablica"},"content":{"rendered":"<p>Pela primeira vez a Prefeitura de Porto Velho, Rond\u00f4nia, realiza uma s\u00e9rie de audi\u00eancias p\u00fablicas organizadas pela secretaria municipal de Planejamento (Sempla) para que cada secretaria possa apresentar os planos estrat\u00e9gicos elaborados com metas at\u00e9 2012. Nesta ter\u00e7a-feira (30) foi realizada a audi\u00eancia p\u00fablica da Secretaria Municipal de Sa\u00fade de Porto Velho(Semusa), que reuniu centenas de participantes, entre representantes de v\u00e1rias entidades p\u00fablicas e privadas, autoridades, parlamentares e popula\u00e7\u00e3o em geral, que foi representada em sua maioria por l\u00edderes comunit\u00e1rios e presidentes de associa\u00e7\u00f5es de bairros de toda a capital. O Minist\u00e9rio P\u00fablico de Rond\u00f4nia foi representado pela promotora Emilia Ohio.<\/p>\n<p>O plano apresentado pelo secret\u00e1rio Williames Pimentel (Semusa) e por t\u00e9cnicos do setor ser\u00e1 executado em toda a rede municipal de sa\u00fade que conta com uma policl\u00ednica, sete unidades de Sa\u00fade da Fam\u00edlia que atendem cerca de 19 bairros, e 14 Unidades de Sa\u00fade da Fam\u00edlia, uma maternidade, oito equipes do Programa de Agente Comunit\u00e1rio, quatro Pronto Atendimentos, um Samu, uma Unidade de Sa\u00fade Tradicional, Departamento de Controle de Zoonoses e a Vigil\u00e2ncia Sanit\u00e1ria Municipal. Algumas a\u00e7\u00f5es j\u00e1 foram implantadas e outras com previs\u00e3o de serem desenvolvidas nos pr\u00f3ximos meses, com recursos do Minist\u00e9rio da Sa\u00fade e das contra partidas das empresas construtoras das duas hidrel\u00e9tricas. Com a assinatura do Termo de Compromisso do Pacto pela Sa\u00fade, em vigor desde agosto 2008, a Semusa de Porto Velho passou a ser gestora e gerente de suas pr\u00f3prias unidades, voltando \u00e0 condi\u00e7\u00e3o de Gestora Plena do Sistema Municipal de Sa\u00fade. Com isso, o munic\u00edpio de Porto Velho aumenta as suas responsabilidades de dirigir o Sistema de Sa\u00fade, exigindo uma maior agilidade para garantir melhor atendimento \u00e0 popula\u00e7\u00e3o, com a\u00e7\u00f5es nas \u00e1reas de aten\u00e7\u00e3o b\u00e1sica, m\u00e9dia e alta complexidade e vigil\u00e2ncia em sa\u00fade. \u201cEste \u00e9 um momento \u00edmpar em que n\u00f3s buscamos a participa\u00e7\u00e3o da sociedade para construirmos um plano estrat\u00e9gico que realmente atenda as necessidades da popula\u00e7\u00e3o\u201d, diz Pimentel.<\/p>\n<p>O objetivo do Plano Estrat\u00e9gico \u00e9 atender uma popula\u00e7\u00e3o de cerca de 380 mil habitantes nas \u00e1reas urbana e rural em mais de 34 mil km\u00b2, ampliando as pol\u00edticas de preven\u00e7\u00e3o e de promo\u00e7\u00e3o em sa\u00fade p\u00fablica, do distrito de S\u00e3o Sebasti\u00e3o \u00e0 Calama, via fluvial, e de Calif\u00f3rnia a localidade de Morrinhos, via terrestre.<\/p>\n<p><strong><em>As metas<\/em><\/strong><\/p>\n<p>Entre os v\u00e1rios objetivos para melhorar a sa\u00fade p\u00fablica em Porto Velho, a Semusa enumerou algumas prioridades, chamando-as de \u201cDesafios\u201d, como \u00e9 o caso da amplia\u00e7\u00e3o das pol\u00edticas de preven\u00e7\u00e3o e promo\u00e7\u00e3o em sa\u00fade p\u00fablica, o aumento e a resolu\u00e7\u00e3o \u00e1gil de atendimentos de urg\u00eancia e emerg\u00eancia, a implanta\u00e7\u00e3o do Centro de Refer\u00eancia de Especialidades M\u00e9dicas e a amplia\u00e7\u00e3o das a\u00e7\u00f5es intersetoriais do programa de Planejamento Familiar. Neste item, entre v\u00e1rias outras a\u00e7\u00f5es, est\u00e1 a amplia\u00e7\u00e3o dos servi\u00e7os da Maternidade M\u00e3e Esperan\u00e7a, com a constru\u00e7\u00e3o de uma UTI Neonatal.<\/p>\n<p>O Plano prev\u00ea tamb\u00e9m a reorganiza\u00e7\u00e3o da Aten\u00e7\u00e3o B\u00e1sica no munic\u00edpio com a amplia\u00e7\u00e3o da Estrat\u00e9gia Sa\u00fade da Fam\u00edlia e PACS, atingindo a cobertura de 70% de Sa\u00fade da Fam\u00edlia no munic\u00edpio. Nesta expans\u00e3o, est\u00e3o determinadas a\u00e7\u00f5es como a reforma e aparelhamento das Unidades de Sa\u00fade, amplia\u00e7\u00e3o da rede com a constru\u00e7\u00e3o de novas USFs, o fortalecimento das a\u00e7\u00f5es b\u00e1sicas de sa\u00fade atrav\u00e9s dos programas estrat\u00e9gicos e das a\u00e7\u00f5es de vigil\u00e2ncia \u00e0 sa\u00fade.<\/p>\n<p>Entre as a\u00e7\u00f5es de vigil\u00e2ncia em sa\u00fade, a Semusa quer manter acima de 95% as coberturas das vacinas. Para isso deve reestruturar a Rede de Frio e Salas de Vacina\u00a0 das zonas urbana e rural, contratar e capacitar\u00a0 mais profissionais, realizar cursos para enfermeiros e t\u00e9cnicos de\u00a0 enfermagem, entre outras a\u00e7\u00f5es. Nas \u00faltimas tr\u00eas campanhas realizadas pela Divis\u00e3o de Imuniza\u00e7\u00f5es da Semusa, foram atingidas todas as metas apontadas pelo Minist\u00e9rio da Sa\u00fade. A campanha de vacina\u00e7\u00e3o Infantil anti-p\u00f3lio, j\u00e1 tem mais de 91% da meta atingida, com 34.368 crian\u00e7as imunizadas.<\/p>\n<p>A capacita\u00e7\u00e3o de profissionais (m\u00e9dicos, enfermeiros, agentes comunit\u00e1rios de sa\u00fade e agentes multiplicadores) \u00e9 mais um desafio da Semusa. E a secretaria vai manter a oferta de m\u00e9todos contraceptivos em 100% \u00e0 popula\u00e7\u00e3o feminina em idade f\u00e9rtil e usu\u00e1ria do SUS. Pelo planejamento da Semusa tamb\u00e9m est\u00e3o previstos a capacita\u00e7\u00e3o para operadores do programa que trata de hipertensos e diab\u00e9ticos e a instala\u00e7\u00e3o do Programa Hiperdia nas unidades de Sa\u00fade, garantindo o melhor atendimento poss\u00edvel ao paciente portador de diabetes e hipertens\u00e3o.<\/p>\n","protected":false},"excerpt":{"rendered":"<p>Pela primeira vez a Prefeitura de Porto Velho, Rond\u00f4nia, realiza uma s\u00e9rie de audi\u00eancias p\u00fablicas organizadas pela secretaria municipal de Planejamento (Sempla) para que cada secretaria possa apresentar os planos estrat\u00e9gicos elaborados com metas at\u00e9 2012. Nesta ter\u00e7a-feira (30) foi realizada a audi\u00eancia p\u00fablica da Secretaria Municipal de Sa\u00fade de Porto Velho(Semusa), que reuniu centenas [&hellip;]<\/p>\n","protected":false},"author":2,"featured_media":0,"comment_status":"open","ping_status":"open","sticky":false,"template":"","format":"standard","meta":{"tdm_status":"","tdm_grid_status":"","footnotes":""},"categories":[5],"tags":[],"class_list":{"0":"post-4328","1":"post","2":"type-post","3":"status-publish","4":"format-standard","6":"category-saude-e-vida"},"_links":{"self":[{"href":"https:\/\/migracao.redenoticia.com.br\/noticia\/wp-json\/wp\/v2\/posts\/4328","targetHints":{"allow":["GET"]}}],"collection":[{"href":"https:\/\/migracao.redenoticia.com.br\/noticia\/wp-json\/wp\/v2\/posts"}],"about":[{"href":"https:\/\/migracao.redenoticia.com.br\/noticia\/wp-json\/wp\/v2\/types\/post"}],"author":[{"embeddable":true,"href":"https:\/\/migracao.redenoticia.com.br\/noticia\/wp-json\/wp\/v2\/users\/2"}],"replies":[{"embeddable":true,"href":"https:\/\/migracao.redenoticia.com.br\/noticia\/wp-json\/wp\/v2\/comments?post=4328"}],"version-history":[{"count":0,"href":"https:\/\/migracao.redenoticia.com.br\/noticia\/wp-json\/wp\/v2\/posts\/4328\/revisions"}],"wp:attachment":[{"href":"https:\/\/migracao.redenoticia.com.br\/noticia\/wp-json\/wp\/v2\/media?parent=4328"}],"wp:term":[{"taxonomy":"category","embeddable":true,"href":"https:\/\/migracao.redenoticia.com.br\/noticia\/wp-json\/wp\/v2\/categories?post=4328"},{"taxonomy":"post_tag","embeddable":true,"href":"https:\/\/migracao.redenoticia.com.br\/noticia\/wp-json\/wp\/v2\/tags?post=4328"}],"curies":[{"name":"wp","href":"https:\/\/api.w.org\/{rel}","templated":true}]}}