{"id":4330,"date":"2009-07-01T12:08:32","date_gmt":"2009-07-01T16:08:32","guid":{"rendered":"http:\/\/www.redenoticia.com.br\/noticia\/?p=4330"},"modified":"2009-07-01T12:08:32","modified_gmt":"2009-07-01T16:08:32","slug":"leao-lobo-sera-jurado-do-concurso-miss-mundo","status":"publish","type":"post","link":"https:\/\/migracao.redenoticia.com.br\/noticia\/2009\/leao-lobo-sera-jurado-do-concurso-miss-mundo\/4330","title":{"rendered":"Le\u00e3o Lobo ser\u00e1 jurado do concurso Miss Mundo"},"content":{"rendered":"<p style=\"margin-top: 0cm; margin-right: 0cm; margin-bottom: 0pt; margin-left: 0cm; text-align: justify;\"><span style=\"font-size: 12pt; line-height: 18px;\">O apresentador Le\u00e3o Lobo e o diretor da Rede CNT, Osmar Gon\u00e7alves, ser\u00e3o jurados do Miss Mundo Brasil. O concurso ser\u00e1 exibido pela emissora neste domingo, dia 5 de julho, \u00e0s 19h. A vencedora ter\u00e1 o privil\u00e9gio e a responsabilidade de representar o Brasil no Miss Mundo, que ser\u00e1 realizado em dezembro na \u00c1frica do Sul.<\/span><\/p>\n<p style=\"margin-top: 0cm; margin-right: 0cm; margin-bottom: 0pt; margin-left: 0cm; text-align: justify;\"><span style=\"font-size: 12pt; line-height: 18px;\"><span> <\/span>O Miss Mundo Brasil preza pela originalidade e responsabilidade social e ambiental, al\u00e9m de gerar oportunidades profissionais e pessoais \u00e0s vencedoras. O concurso j\u00e1 teve como participantes Suzy Rego e Solange Fraz\u00e3o. Neste ano, o Brasil celebra 51 anos de participa\u00e7\u00e3o no Miss Mundo.<\/span><\/p>\n<p style=\"margin-top: 0cm; margin-right: 0cm; margin-bottom: 0pt; margin-left: 0cm; text-align: justify;\"><span style=\"font-size: 12pt; line-height: 18px;\"><span> <\/span><\/span><\/p>\n<p style=\"margin-top: 0cm; margin-right: 0cm; margin-bottom: 0pt; margin-left: 0cm;\"><strong><span style=\"font-size: 12pt;\">Servi\u00e7o<\/span><\/strong><\/p>\n<p style=\"margin-top: 0cm; margin-right: 0cm; margin-bottom: 0pt; margin-left: 0cm;\"><span style=\"font-size: 12pt;\">Programa: Miss Mundo Brasil 2009<\/span><\/p>\n<p style=\"margin-top: 0cm; margin-right: 0cm; margin-bottom: 0pt; margin-left: 0cm;\"><span style=\"font-size: 12pt;\">Data: dia 5 de julho, \u00e0s 19h, na Rede CNT.<\/span><\/p>\n","protected":false},"excerpt":{"rendered":"<p>O apresentador Le\u00e3o Lobo e o diretor da Rede CNT, Osmar Gon\u00e7alves, ser\u00e3o jurados do Miss Mundo Brasil. O concurso ser\u00e1 exibido pela emissora neste domingo, dia 5 de julho, \u00e0s 19h. A vencedora ter\u00e1 o privil\u00e9gio e a responsabilidade de representar o Brasil no Miss Mundo, que ser\u00e1 realizado em dezembro na \u00c1frica do [&hellip;]<\/p>\n","protected":false},"author":2,"featured_media":0,"comment_status":"open","ping_status":"open","sticky":false,"template":"","format":"standard","meta":{"tdm_status":"","tdm_grid_status":"","footnotes":""},"categories":[22],"tags":[],"class_list":{"0":"post-4330","1":"post","2":"type-post","3":"status-publish","4":"format-standard","6":"category-brasil"},"_links":{"self":[{"href":"https:\/\/migracao.redenoticia.com.br\/noticia\/wp-json\/wp\/v2\/posts\/4330","targetHints":{"allow":["GET"]}}],"collection":[{"href":"https:\/\/migracao.redenoticia.com.br\/noticia\/wp-json\/wp\/v2\/posts"}],"about":[{"href":"https:\/\/migracao.redenoticia.com.br\/noticia\/wp-json\/wp\/v2\/types\/post"}],"author":[{"embeddable":true,"href":"https:\/\/migracao.redenoticia.com.br\/noticia\/wp-json\/wp\/v2\/users\/2"}],"replies":[{"embeddable":true,"href":"https:\/\/migracao.redenoticia.com.br\/noticia\/wp-json\/wp\/v2\/comments?post=4330"}],"version-history":[{"count":0,"href":"https:\/\/migracao.redenoticia.com.br\/noticia\/wp-json\/wp\/v2\/posts\/4330\/revisions"}],"wp:attachment":[{"href":"https:\/\/migracao.redenoticia.com.br\/noticia\/wp-json\/wp\/v2\/media?parent=4330"}],"wp:term":[{"taxonomy":"category","embeddable":true,"href":"https:\/\/migracao.redenoticia.com.br\/noticia\/wp-json\/wp\/v2\/categories?post=4330"},{"taxonomy":"post_tag","embeddable":true,"href":"https:\/\/migracao.redenoticia.com.br\/noticia\/wp-json\/wp\/v2\/tags?post=4330"}],"curies":[{"name":"wp","href":"https:\/\/api.w.org\/{rel}","templated":true}]}}