{"id":4356,"date":"2009-07-01T14:31:40","date_gmt":"2009-07-01T18:31:40","guid":{"rendered":"http:\/\/www.redenoticia.com.br\/noticia\/?p=4356"},"modified":"2009-08-05T00:36:21","modified_gmt":"2009-08-05T04:36:21","slug":"audiencia-dos-programas-da-record","status":"publish","type":"post","link":"https:\/\/migracao.redenoticia.com.br\/noticia\/2009\/audiencia-dos-programas-da-record\/4356","title":{"rendered":"Audi\u00eancia dos programas da Record"},"content":{"rendered":"<p>O Jornal da Record registrou 11 pontos e mant\u00e9m segundo lugar isolado. Apresentado por Celso Freitas e Ana Paula Padr\u00e3o, o jornal\u00edstico exibido na noite de ter\u00e7a-feira (30\/06) voltou a conquistar o segundo lugar isolado no ranking de audi\u00eancias.<\/p>\n<p>No hor\u00e1rio em que foi ao ar, das 19h50 \u00e0s 20h40, o Jornal da Record marcou 9 pontos de m\u00e9dia, 14% de share e 11 pontos de pico. Duas emissoras empataram na terceira coloca\u00e7\u00e3o com apenas 5 pontos de m\u00e9dia no hor\u00e1rio.<\/p>\n<p>Al\u00e9m das mais importantes not\u00edcias do Brasil, o Jornal da Record contou com a participa\u00e7\u00e3o, ao vivo, dos correspondentes internacionais.<\/p>\n<p>A jornalista Ana Paula Padr\u00e3o apresentou ainda a segunda mat\u00e9ria da s\u00e9rie de reportagens especiais &#8220;SOS Brasil&#8221;. A mat\u00e9ria de ontem abordou a crise da moradia nas grande cidades. &#8220;Quando se pensa em habita\u00e7\u00e3o prec\u00e1ria, lembra-se logo da periferia e das favelas. Saiba que viver na regi\u00e3o central de S\u00e3o Paulo pode ser igualmente ruim&#8221;, revelou Ana Paula.<\/p>\n<p>A nova s\u00e9rie do Jornal da Record, que vai ao ar at\u00e9 o pr\u00f3ximo s\u00e1bado (4\/07), vai mostrar os principais dramas vividos pelos brasileiros no dia-a-dia. A jornalista Ana Paula Padr\u00e3o percorreu 10 Estados em 30 dias para mostrar o drama de muitos brasileiros.<\/p>\n<p>Hoje em Dia na lideran\u00e7a. Nesta ter\u00e7a-feira, o programa Hoje em Dia garantiu a lideran\u00e7a na m\u00e9dia de audi\u00eancia. Na faixa das 9h30 \u00e0s 13h15, a atra\u00e7\u00e3o registrou 8 pontos de m\u00e9dia, pico de 11 e share de 25%. Destaque para o desafio com Th\u00e9o Becker e F\u00e1bio Arruda.<\/p>\n<p>CSI Miami com boa audi\u00eancia. A s\u00e9rie CSI Miami, exibida ontem (30\/06), das 23h44 \u00e0 00h40, deixou a Record com boa audi\u00eancia e em segundo lugar. Foram registrados 7 pontos de m\u00e9dia, 10 de pico e 17% de share. O epis\u00f3dio exibido foi o &#8220;Sexo e Impostos&#8221;, da terceira temporada.<\/p>\n<p>Poder Paralelo registra pico de 23 pontos. Na noite desta ter\u00e7a-feira (30\/06), o cap\u00edtulo de Poder Paralelo registrou 12 pontos de m\u00e9dia, pico de 23 e share de 21% na faixa das 22h35 \u00e0s 23h35. A trama \u00e9 escrita por Lauro C\u00e9sar Muniz e dirigida por Ign\u00e1cio Coqueiro.<\/p>\n<p>Promessas de Amor garante vice-lideran\u00e7a no ranking de audi\u00eancias. O cap\u00edtulo da novela &#8220;Promessas de Amor&#8221;, exibido ter\u00e7a-feira (30\/06), das 20h40 \u00e0s 21h41, garantiu o segundo lugar isolado no ranking de audi\u00eancias, com 8 pontos de m\u00e9dia, 12 de pico e 12% de share. &#8220;Promessas de Amor&#8221; \u00e9 escrita por Tiago Santiago e dirigida por Alexandre Avancini.<\/p>\n<p>A Fazenda alcan\u00e7a pico de 23 pontos.\u00a0 Nesta ter\u00e7a-feira, o reality show A Fazenda consolidou bons \u00edndices de audi\u00eancia para a Record, com 16 pontos de m\u00e9dia, pico de 23 e share de 23% na faixa das 21h41 \u00e0s 22h35. A atra\u00e7\u00e3o chegou a ficar por 4 minutos em primeiro lugar. O programa exibiu ontem o Desafio Semanal, uma competi\u00e7\u00e3o que exigiu for\u00e7a e resist\u00eancia f\u00edsica no menor tempo poss\u00edvel. Luciele, Danni Carlos, Fabiana e Mirella tiveram que enfrentar uma segunda fase da prova, j\u00e1 que foram as que mais demoraram para executar a primeira etapa do desafio. Cada uma j\u00e1 tinha pegado um n\u00famero aleat\u00f3rio e, numa quest\u00e3o de sorte, a escolhida do &#8220;T\u00e1 na Ro\u00e7a&#8221; foi a que estava com o n\u00famero maior. Por essa regra, Danni Carlos foi a primeira indicada para o &#8220;T\u00e1 na Ro\u00e7a&#8221; desta semana.<\/p>\n<p>Fala Brasil conquista a lideran\u00e7a. O programa jornal\u00edstico apresentado por Roberta Piza e Carla Cecato na manh\u00e3 da \u00faltima ter\u00e7a-feira (30\/06) novamente incomodou a concorr\u00eancia e ficou em primeiro lugar durante 17 minutos. No hor\u00e1rio de exibi\u00e7\u00e3o, das 8h30 \u00e0s 9h30, o Fala Brasil marcou 8 pontos de m\u00e9dia, 28% de share e 9 pontos de pico.<\/p>\n<p>Al\u00e9m de apresentar as principais not\u00edcias do Brasil e do mundo, o telejornal estreou o bloco de esportes apresentado pela jornalista Thalita Oliveira.<\/p>\n<p>Fonte: Ibope MW GSP dados domiciliares (Os \u00edndices apresentados s\u00e3o n\u00fameros consolidados, destacando o patamar de audi\u00eancia sem casa decimal).<\/p>\n","protected":false},"excerpt":{"rendered":"<p>O Jornal da Record registrou 11 pontos e mant\u00e9m segundo lugar isolado. Apresentado por Celso Freitas e Ana Paula Padr\u00e3o, o jornal\u00edstico exibido na noite de ter\u00e7a-feira (30\/06) voltou a conquistar o segundo lugar isolado no ranking de audi\u00eancias. No hor\u00e1rio em que foi ao ar, das 19h50 \u00e0s 20h40, o Jornal da Record marcou [&hellip;]<\/p>\n","protected":false},"author":3,"featured_media":0,"comment_status":"open","ping_status":"open","sticky":false,"template":"","format":"standard","meta":{"tdm_status":"","tdm_grid_status":"","footnotes":""},"categories":[22,343],"tags":[],"class_list":{"0":"post-4356","1":"post","2":"type-post","3":"status-publish","4":"format-standard","6":"category-brasil","7":"category-televisao"},"_links":{"self":[{"href":"https:\/\/migracao.redenoticia.com.br\/noticia\/wp-json\/wp\/v2\/posts\/4356","targetHints":{"allow":["GET"]}}],"collection":[{"href":"https:\/\/migracao.redenoticia.com.br\/noticia\/wp-json\/wp\/v2\/posts"}],"about":[{"href":"https:\/\/migracao.redenoticia.com.br\/noticia\/wp-json\/wp\/v2\/types\/post"}],"author":[{"embeddable":true,"href":"https:\/\/migracao.redenoticia.com.br\/noticia\/wp-json\/wp\/v2\/users\/3"}],"replies":[{"embeddable":true,"href":"https:\/\/migracao.redenoticia.com.br\/noticia\/wp-json\/wp\/v2\/comments?post=4356"}],"version-history":[{"count":0,"href":"https:\/\/migracao.redenoticia.com.br\/noticia\/wp-json\/wp\/v2\/posts\/4356\/revisions"}],"wp:attachment":[{"href":"https:\/\/migracao.redenoticia.com.br\/noticia\/wp-json\/wp\/v2\/media?parent=4356"}],"wp:term":[{"taxonomy":"category","embeddable":true,"href":"https:\/\/migracao.redenoticia.com.br\/noticia\/wp-json\/wp\/v2\/categories?post=4356"},{"taxonomy":"post_tag","embeddable":true,"href":"https:\/\/migracao.redenoticia.com.br\/noticia\/wp-json\/wp\/v2\/tags?post=4356"}],"curies":[{"name":"wp","href":"https:\/\/api.w.org\/{rel}","templated":true}]}}