{"id":43754,"date":"2013-04-15T09:01:00","date_gmt":"2013-04-15T12:01:00","guid":{"rendered":"http:\/\/www.redenoticia.com.br\/noticia\/?p=43754"},"modified":"2013-04-15T20:01:36","modified_gmt":"2013-04-15T23:01:36","slug":"valor-das-lavouras-brasileiras-deve-somar-r-270-bi-em-2013","status":"publish","type":"post","link":"https:\/\/migracao.redenoticia.com.br\/noticia\/2013\/valor-das-lavouras-brasileiras-deve-somar-r-270-bi-em-2013\/43754","title":{"rendered":"Valor das lavouras brasileiras deve somar R$ 270 bi em 2013"},"content":{"rendered":"<p>O <em><strong>Valor Bruto da Produ\u00e7\u00e3o<\/strong> <\/em>(VBP) das principais lavouras brasileiras deve atingir R$ 270,36 bilh\u00f5es neste ano, alta de 9,8% sobre o resultado de 2012, quando atingiu R$ 246,2 bilh\u00f5es. O resultado leva em conta os levantamentos de safra de mar\u00e7o realizados pela Companhia Nacional de Abastecimento (Conab) e pelo Instituto Brasileiro de Geografia e Estat\u00edstica (IBGE), al\u00e9m dos pre\u00e7os pagos aos produtores.<\/p>\n<p>De acordo com o Minist\u00e9rio da Agricultura, como o VBP mede a evolu\u00e7\u00e3o do desempenho das lavouras ao longo do ano, \u00e9 normal que as mudan\u00e7as dos pre\u00e7os dos produtos e as quantidades previstas de produ\u00e7\u00e3o afetem os valores do estudo feito mensalmente pela Assessoria de Gest\u00e3o Estrat\u00e9gica (AGE) do minist\u00e9rio.<\/p>\n<p>Segundo as estimativas da AGE para mar\u00e7o, a maior parte dos produtos analisados deve apresentar eleva\u00e7\u00e3o de valores. Destaque para as culturas de arroz, com alta de 7,5%; banana, 6,5%; batata-inglesa, 28,5%; cana-de-a\u00e7\u00facar, 9,5%; feij\u00e3o, 17%; fumo, 14,4%; laranja, 24,4%; mandioca, 1,3%; milho, 12,8%; soja, 21,8%; tomate, 42,7%, e trigo, 8,6%.<\/p>\n<p>\u201cAlgumas culturas, como feij\u00e3o, milho, soja, poderiam ter resultados ainda melhores n\u00e3o fossem problemas clim\u00e1ticos &#8211; seca ou excesso de chuvas durante o ciclo dessas lavouras\u201d, explica o coordenador de Planejamento Estrat\u00e9gico do Mapa, Jos\u00e9 Garcia Gasques.<\/p>\n<p><a href=\"http:\/\/www.agricultura.gov.br\" target=\"_blank\">www.agricultura.gov.br<\/a><\/p>\n","protected":false},"excerpt":{"rendered":"<p>O Valor Bruto da Produ\u00e7\u00e3o (VBP) das principais lavouras brasileiras deve atingir R$ 270,36 bilh\u00f5es neste ano, alta de 9,8% sobre o resultado de 2012, quando atingiu R$ 246,2 bilh\u00f5es. O resultado leva em conta os levantamentos de safra de mar\u00e7o realizados pela Companhia Nacional de Abastecimento (Conab) e pelo Instituto Brasileiro de Geografia e [&hellip;]<\/p>\n","protected":false},"author":3,"featured_media":38938,"comment_status":"open","ping_status":"closed","sticky":false,"template":"","format":"standard","meta":{"tdm_status":"","tdm_grid_status":"","footnotes":""},"categories":[22,7],"tags":[],"class_list":{"0":"post-43754","1":"post","2":"type-post","3":"status-publish","4":"format-standard","5":"has-post-thumbnail","7":"category-brasil","8":"category-economia"},"_links":{"self":[{"href":"https:\/\/migracao.redenoticia.com.br\/noticia\/wp-json\/wp\/v2\/posts\/43754","targetHints":{"allow":["GET"]}}],"collection":[{"href":"https:\/\/migracao.redenoticia.com.br\/noticia\/wp-json\/wp\/v2\/posts"}],"about":[{"href":"https:\/\/migracao.redenoticia.com.br\/noticia\/wp-json\/wp\/v2\/types\/post"}],"author":[{"embeddable":true,"href":"https:\/\/migracao.redenoticia.com.br\/noticia\/wp-json\/wp\/v2\/users\/3"}],"replies":[{"embeddable":true,"href":"https:\/\/migracao.redenoticia.com.br\/noticia\/wp-json\/wp\/v2\/comments?post=43754"}],"version-history":[{"count":0,"href":"https:\/\/migracao.redenoticia.com.br\/noticia\/wp-json\/wp\/v2\/posts\/43754\/revisions"}],"wp:featuredmedia":[{"embeddable":true,"href":"https:\/\/migracao.redenoticia.com.br\/noticia\/wp-json\/wp\/v2\/media\/38938"}],"wp:attachment":[{"href":"https:\/\/migracao.redenoticia.com.br\/noticia\/wp-json\/wp\/v2\/media?parent=43754"}],"wp:term":[{"taxonomy":"category","embeddable":true,"href":"https:\/\/migracao.redenoticia.com.br\/noticia\/wp-json\/wp\/v2\/categories?post=43754"},{"taxonomy":"post_tag","embeddable":true,"href":"https:\/\/migracao.redenoticia.com.br\/noticia\/wp-json\/wp\/v2\/tags?post=43754"}],"curies":[{"name":"wp","href":"https:\/\/api.w.org\/{rel}","templated":true}]}}