{"id":4381,"date":"2009-07-01T12:14:11","date_gmt":"2009-07-01T16:14:11","guid":{"rendered":"http:\/\/www.redenoticia.com.br\/noticia\/?p=4381"},"modified":"2009-07-01T16:16:16","modified_gmt":"2009-07-01T20:16:16","slug":"o-mobo-da-positivo-tem-3g-integrado","status":"publish","type":"post","link":"https:\/\/migracao.redenoticia.com.br\/noticia\/2009\/o-mobo-da-positivo-tem-3g-integrado\/4381","title":{"rendered":"O Mobo da Positivo tem 3G integrado"},"content":{"rendered":"<p><a href=\"https:\/\/migracao.redenoticia.com.br\/noticia\/imagens\/\/mobo.jpg\"><img loading=\"lazy\" decoding=\"async\" class=\"alignleft size-medium wp-image-4382\" title=\"mobo\" src=\"https:\/\/migracao.redenoticia.com.br\/noticia\/imagens\/\/mobo-249x187.jpg\" alt=\"mobo\" width=\"249\" height=\"187\" \/><\/a>Nas lojas, o consumidor encontra dois modelos do netbook da Positivo Inform\u00e1tica com modem 3G integrado. Um deles j\u00e1 vem com chip e acompanha promo\u00e7\u00e3o de 90 dias de internet banda larga gr\u00e1tis para degusta\u00e7\u00e3o. Terminado esse prazo, o consumidor pode optar por um dos planos especiais oferecidos ou escolher entre os planos de quaisquer operadoras que disponibilizem banda larga 3G em sua regi\u00e3o e continuar conectado o tempo todo. O outro modelo n\u00e3o vem com chip e o consumidor tamb\u00e9m pode utilizar a operadora de sua prefer\u00eancia. O pre\u00e7o sugerido para os dois modelos \u00e9 de R$ 1.699,00.<\/p>\n<p>Desde o seu lan\u00e7amento, em maio de 2008, \u00e9 a terceira vez que a fam\u00edlia de netbooks da Positivo Inform\u00e1tica \u00e9 ampliada. No total, a linha Mobo j\u00e1 re\u00fane 12 modelos com telas de 7, 8.9 e 10 polegadas. &#8220;Um ano depois do lan\u00e7amento, os netbooks continuam sendo o grande sucesso desse mercado, o que mostra o quanto a Positivo Inform\u00e1tica foi pioneira e vision\u00e1ria. Acreditamos no conceito, investimos e conseguimos obter um \u00f3timo resultado nas vendas. Desde o lan\u00e7amento at\u00e9 o final do primeiro trimestre de 2009, j\u00e1 vendemos cerca de 66 mil unidades&#8221;, diz C\u00e9sar Aymor\u00e9, diretor de Marketing da Positivo Inform\u00e1tica, destacando a portabilidade, mobilidade, autonomia e facilidade na conex\u00e3o \u00e0 internet como principais atributos.<\/p>\n<p>O Positivo Mobo 3G vem equipado com aut\u00eantico Windows XP Home Edition, processador Intel Atom, 1 GB de mem\u00f3ria RAM, HD de 160 GB, leitor de cart\u00f5es SD \/ MMC \/ MS \/ MS Pro, webcam de 1,3 megapixel, tela LCD de 10,2 polegadas widescreen, alto-falantes integrados, rede Fast Ethernet, wireless, 3 portas de conex\u00e3o USB, teclado Portugu\u00eas-Brasil e mouse touchpad de 2 bot\u00f5es. Tem tamb\u00e9m software para conex\u00e3o 3G+, BrOffice (editor de texto, planilha eletr\u00f4nica, gerenciador de apresenta\u00e7\u00f5es, editor de imagens e editor HTML), Adobe Acrobat Reader e Windows Live Suite, Antiv\u00edrus Kaspersky (1 ano gr\u00e1tis), Aur\u00e9lio Online (1 ano gr\u00e1tis), Discador Positivo e disco do sistema de recupera\u00e7\u00e3o. Ambos pesam 1,4 kg e v\u00eam com uma pr\u00e1tica bolsa de prote\u00e7\u00e3o. A Positivo Inform\u00e1tica oferece ainda 1 ano de garantia balc\u00e3o.<\/p>\n","protected":false},"excerpt":{"rendered":"<p>Nas lojas, o consumidor encontra dois modelos do netbook da Positivo Inform\u00e1tica com modem 3G integrado. Um deles j\u00e1 vem com chip e acompanha promo\u00e7\u00e3o de 90 dias de internet banda larga gr\u00e1tis para degusta\u00e7\u00e3o. Terminado esse prazo, o consumidor pode optar por um dos planos especiais oferecidos ou escolher entre os planos de quaisquer [&hellip;]<\/p>\n","protected":false},"author":3,"featured_media":0,"comment_status":"open","ping_status":"open","sticky":false,"template":"","format":"standard","meta":{"tdm_status":"","tdm_grid_status":"","footnotes":""},"categories":[22],"tags":[],"class_list":{"0":"post-4381","1":"post","2":"type-post","3":"status-publish","4":"format-standard","6":"category-brasil"},"_links":{"self":[{"href":"https:\/\/migracao.redenoticia.com.br\/noticia\/wp-json\/wp\/v2\/posts\/4381","targetHints":{"allow":["GET"]}}],"collection":[{"href":"https:\/\/migracao.redenoticia.com.br\/noticia\/wp-json\/wp\/v2\/posts"}],"about":[{"href":"https:\/\/migracao.redenoticia.com.br\/noticia\/wp-json\/wp\/v2\/types\/post"}],"author":[{"embeddable":true,"href":"https:\/\/migracao.redenoticia.com.br\/noticia\/wp-json\/wp\/v2\/users\/3"}],"replies":[{"embeddable":true,"href":"https:\/\/migracao.redenoticia.com.br\/noticia\/wp-json\/wp\/v2\/comments?post=4381"}],"version-history":[{"count":0,"href":"https:\/\/migracao.redenoticia.com.br\/noticia\/wp-json\/wp\/v2\/posts\/4381\/revisions"}],"wp:attachment":[{"href":"https:\/\/migracao.redenoticia.com.br\/noticia\/wp-json\/wp\/v2\/media?parent=4381"}],"wp:term":[{"taxonomy":"category","embeddable":true,"href":"https:\/\/migracao.redenoticia.com.br\/noticia\/wp-json\/wp\/v2\/categories?post=4381"},{"taxonomy":"post_tag","embeddable":true,"href":"https:\/\/migracao.redenoticia.com.br\/noticia\/wp-json\/wp\/v2\/tags?post=4381"}],"curies":[{"name":"wp","href":"https:\/\/api.w.org\/{rel}","templated":true}]}}