{"id":44783,"date":"2013-06-24T13:45:08","date_gmt":"2013-06-24T16:45:08","guid":{"rendered":"http:\/\/www.redenoticia.com.br\/noticia\/?p=44783"},"modified":"2013-06-24T13:45:08","modified_gmt":"2013-06-24T16:45:08","slug":"cresce-o-acesso-a-internet-por-dispositivos-moveis","status":"publish","type":"post","link":"https:\/\/migracao.redenoticia.com.br\/noticia\/2013\/cresce-o-acesso-a-internet-por-dispositivos-moveis\/44783","title":{"rendered":"Cresce o acesso \u00e0 internet por dispositivos m\u00f3veis"},"content":{"rendered":"<p>Ag\u00eancia FAPESP\u00a0\u2013 Em 2012, 40% dos domic\u00edlios brasileiros tinham <em><strong>acesso \u00e0 internet<\/strong><\/em>. Em 2011, o n\u00famero era de 36%, de acordo com o Centro de Estudos sobre as Tecnologias da Informa\u00e7\u00e3o e da Comunica\u00e7\u00e3o (Cetic.br), que divulgou a oitava edi\u00e7\u00e3o da pesquisaTIC Domic\u00edlios.<\/p>\n<p>O n\u00famero de brasileiros de 10 anos ou mais que s\u00e3o usu\u00e1rios de internet (49%) superou aqueles que nunca utilizaram (45%). Entretanto, ainda \u00e9 muito grande a diferen\u00e7a na propor\u00e7\u00e3o de domic\u00edlios com acesso \u00e0 internet entre as \u00e1reas urbana (44%) e rural (10%).<\/p>\n<p>A pesquisa mostra que o acesso \u00e0 internet em\u00a0lan houses\u00a0caiu oito pontos percentuais e chegou a 19% em 2012. Por\u00e9m, entre as classes D e E, esse continua sendo o local de acesso mais citado na pesquisa. O domic\u00edlio continua crescendo como o principal local de conex\u00e3o \u00e0 internet.<\/p>\n<p>Outro destaque fica por conta do aumento da propor\u00e7\u00e3o de domic\u00edlios com acesso \u00e0 internet na regi\u00e3o Nordeste, que em 2012 atingiu 27%. A regi\u00e3o Sudeste permanece com a propor\u00e7\u00e3o mais alta de acessos (48%), seguida pela regi\u00e3o Sul (47%), Centro-Oeste (39%), Nordeste (27%) e Norte (21%).<\/p>\n<p>O aumento da presen\u00e7a de tecnologias m\u00f3veis nos domic\u00edlios brasileiros apresentou crescimento em 2012 e refor\u00e7a a tend\u00eancia \u00e0 mobilidade. A propor\u00e7\u00e3o de usu\u00e1rios de telefone celular que acessam a internet pelo dispositivo cresceu em 2012, alcan\u00e7ando 24%. Em 2011, esse tipo de uso era menos comum (18%). Entre os domic\u00edlios que t\u00eam computador, a metade tem um modelo port\u00e1til.<\/p>\n<p>A frequ\u00eancia do uso de computador e internet est\u00e1 entre os principais dados da\u00a0TIC Domic\u00edlios 2012. O Cetic.br tamb\u00e9m apurou a velocidade e as quest\u00f5es de infraestrutura da rede em seus indicadores.<\/p>\n<p>A frequ\u00eancia di\u00e1ria de uso tem crescido significativamente. Em 2008 era de 53% e em 2012 \u00e9 de 69%. A faixa de maior velocidade da conex\u00e3o domiciliar cresceu entre 2008 e 2012 de 6% para 32%.<\/p>\n<p>\u201cA frequ\u00eancia de uso di\u00e1ria e a velocidade da conex\u00e3o v\u00eam crescendo de forma significativa entre os usu\u00e1rios de internet no Brasil. Isso implica oportunidades para o uso de novas aplica\u00e7\u00f5es&#8221;, disse Alexandre Barbosa, gerente do Cetic.br.<\/p>\n<p>A\u00a0TIC Domic\u00edlios 2012\u00a0est\u00e1 dispon\u00edvel em:\u00a0<a href=\"http:\/\/www.cetic.br\/usuarios\/tic\/2012\" target=\"_blank\">www.cetic.br\/usuarios\/tic\/2012<\/a><\/p>\n","protected":false},"excerpt":{"rendered":"<p>Ag\u00eancia FAPESP\u00a0\u2013 Em 2012, 40% dos domic\u00edlios brasileiros tinham acesso \u00e0 internet. Em 2011, o n\u00famero era de 36%, de acordo com o Centro de Estudos sobre as Tecnologias da Informa\u00e7\u00e3o e da Comunica\u00e7\u00e3o (Cetic.br), que divulgou a oitava edi\u00e7\u00e3o da pesquisaTIC Domic\u00edlios. O n\u00famero de brasileiros de 10 anos ou mais que s\u00e3o usu\u00e1rios [&hellip;]<\/p>\n","protected":false},"author":3,"featured_media":38940,"comment_status":"open","ping_status":"closed","sticky":false,"template":"","format":"standard","meta":{"tdm_status":"","tdm_grid_status":"","footnotes":""},"categories":[22,7],"tags":[],"class_list":{"0":"post-44783","1":"post","2":"type-post","3":"status-publish","4":"format-standard","5":"has-post-thumbnail","7":"category-brasil","8":"category-economia"},"_links":{"self":[{"href":"https:\/\/migracao.redenoticia.com.br\/noticia\/wp-json\/wp\/v2\/posts\/44783","targetHints":{"allow":["GET"]}}],"collection":[{"href":"https:\/\/migracao.redenoticia.com.br\/noticia\/wp-json\/wp\/v2\/posts"}],"about":[{"href":"https:\/\/migracao.redenoticia.com.br\/noticia\/wp-json\/wp\/v2\/types\/post"}],"author":[{"embeddable":true,"href":"https:\/\/migracao.redenoticia.com.br\/noticia\/wp-json\/wp\/v2\/users\/3"}],"replies":[{"embeddable":true,"href":"https:\/\/migracao.redenoticia.com.br\/noticia\/wp-json\/wp\/v2\/comments?post=44783"}],"version-history":[{"count":0,"href":"https:\/\/migracao.redenoticia.com.br\/noticia\/wp-json\/wp\/v2\/posts\/44783\/revisions"}],"wp:featuredmedia":[{"embeddable":true,"href":"https:\/\/migracao.redenoticia.com.br\/noticia\/wp-json\/wp\/v2\/media\/38940"}],"wp:attachment":[{"href":"https:\/\/migracao.redenoticia.com.br\/noticia\/wp-json\/wp\/v2\/media?parent=44783"}],"wp:term":[{"taxonomy":"category","embeddable":true,"href":"https:\/\/migracao.redenoticia.com.br\/noticia\/wp-json\/wp\/v2\/categories?post=44783"},{"taxonomy":"post_tag","embeddable":true,"href":"https:\/\/migracao.redenoticia.com.br\/noticia\/wp-json\/wp\/v2\/tags?post=44783"}],"curies":[{"name":"wp","href":"https:\/\/api.w.org\/{rel}","templated":true}]}}