{"id":4488,"date":"2009-07-02T20:21:05","date_gmt":"2009-07-03T00:21:05","guid":{"rendered":"http:\/\/www.redenoticia.com.br\/noticia\/?p=4488"},"modified":"2009-08-05T00:36:15","modified_gmt":"2009-08-05T04:36:15","slug":"dado-protege-cavalos-de-a-fazenda","status":"publish","type":"post","link":"https:\/\/migracao.redenoticia.com.br\/noticia\/2009\/dado-protege-cavalos-de-a-fazenda\/4488","title":{"rendered":"Dado protege cavalos de &#8220;A Fazenda&#8221;"},"content":{"rendered":"<p>Chuva e sono&#8230;<br \/>\nO clima foi tranquilo hoje \u00e0 tarde na Fazenda. Os pe\u00f5es  aproveitaram para colocar o sono em dia e almo\u00e7aram j\u00e1 bem tarde. O clima ficou  chuvoso o dia inteiro em Itu.<\/p>\n<p>Apuros da cidade grande<br \/>\nEm conversa com  Jonathan, Fabiana e Lucielle na varanda, Dado Dolabella imita sotaque paulista.  O ator confirma seu talento, e jura n\u00e3o ser confundido com turista em nenhuma  cidade do Brasil. Dado, Jonathan, Luciele e Fabiana conversam sobre apuros que  j\u00e1 passaram dentro de t\u00e1xis, em v\u00e1rias regi\u00f5es do pa\u00eds. Fabi contou ter perdido  duas vezes o mesmo voo porque a taxista n\u00e3o conseguia chegar no aeroporto, em  S\u00e3o Paulo. E admite que j\u00e1 foi enganada e tamb\u00e9m\u00a0 paquerada por motoristas &#8216;de  pra\u00e7a&#8217;. Jonathan narrou sua hist\u00f3ria com um taxista paulistano que, percebendo  que o ator \u00e9 natural do Rio de Janeiro, errou o caminho propositalmente para  lucrar mais. Luciele tamb\u00e9m tem uma hist\u00f3ria embara\u00e7osa: disse que fez um  percurso com um taxista que s\u00f3 falava sobre sexo. &#8220;Ele contou sobre a amante,  sobre uma passageira que costumava &#8216;pegar&#8217;. O pior \u00e9 que ele era meio coroa&#8221;,  descreveu.<\/p>\n<p>Dado com os cavalos<br \/>\nDado se preocupou em cobrir os  cavalos. Foi at\u00e9 o curral para fazer carinho nos animais e colocar a &#8220;coberta&#8221;  neles. A m\u00fasica toca alto na fazenda, e Dado &#8220;ensina&#8221; o cavalo a cantar e dan\u00e7ar  com ele&#8230;cena inusitada!<\/p>\n<p>A noite est\u00e1 apenas  come\u00e7ando&#8230;<br \/>\nAproveitando o clima da m\u00fasica, Dado mostra que \u00e9 bom de dan\u00e7a e  tira Luciele para ensaiar alguns passos. Os dois se divertem na sala, rodopiam,  dan\u00e7am e caem na gargalhada!<\/p>\n<p>Record<\/p>\n<p style=\"text-align: center;\"><span style=\"font-family: courier; font-size: 10px; white-space: pre;\">[polldaddy poll=&#8221;1757415&#8243;]<\/span><\/p>\n","protected":false},"excerpt":{"rendered":"<p>Chuva e sono&#8230; O clima foi tranquilo hoje \u00e0 tarde na Fazenda. Os pe\u00f5es aproveitaram para colocar o sono em dia e almo\u00e7aram j\u00e1 bem tarde. O clima ficou chuvoso o dia inteiro em Itu. Apuros da cidade grande Em conversa com Jonathan, Fabiana e Lucielle na varanda, Dado Dolabella imita sotaque paulista. O ator [&hellip;]<\/p>\n","protected":false},"author":3,"featured_media":0,"comment_status":"open","ping_status":"open","sticky":false,"template":"","format":"standard","meta":{"tdm_status":"","tdm_grid_status":"","footnotes":""},"categories":[22,343],"tags":[],"class_list":{"0":"post-4488","1":"post","2":"type-post","3":"status-publish","4":"format-standard","6":"category-brasil","7":"category-televisao"},"_links":{"self":[{"href":"https:\/\/migracao.redenoticia.com.br\/noticia\/wp-json\/wp\/v2\/posts\/4488","targetHints":{"allow":["GET"]}}],"collection":[{"href":"https:\/\/migracao.redenoticia.com.br\/noticia\/wp-json\/wp\/v2\/posts"}],"about":[{"href":"https:\/\/migracao.redenoticia.com.br\/noticia\/wp-json\/wp\/v2\/types\/post"}],"author":[{"embeddable":true,"href":"https:\/\/migracao.redenoticia.com.br\/noticia\/wp-json\/wp\/v2\/users\/3"}],"replies":[{"embeddable":true,"href":"https:\/\/migracao.redenoticia.com.br\/noticia\/wp-json\/wp\/v2\/comments?post=4488"}],"version-history":[{"count":0,"href":"https:\/\/migracao.redenoticia.com.br\/noticia\/wp-json\/wp\/v2\/posts\/4488\/revisions"}],"wp:attachment":[{"href":"https:\/\/migracao.redenoticia.com.br\/noticia\/wp-json\/wp\/v2\/media?parent=4488"}],"wp:term":[{"taxonomy":"category","embeddable":true,"href":"https:\/\/migracao.redenoticia.com.br\/noticia\/wp-json\/wp\/v2\/categories?post=4488"},{"taxonomy":"post_tag","embeddable":true,"href":"https:\/\/migracao.redenoticia.com.br\/noticia\/wp-json\/wp\/v2\/tags?post=4488"}],"curies":[{"name":"wp","href":"https:\/\/api.w.org\/{rel}","templated":true}]}}