{"id":44906,"date":"2013-08-28T00:24:36","date_gmt":"2013-08-28T03:24:36","guid":{"rendered":"http:\/\/www.redenoticia.com.br\/noticia\/?p=44906"},"modified":"2013-08-29T00:24:19","modified_gmt":"2013-08-29T03:24:19","slug":"a-fazenda-prova-da-chave","status":"publish","type":"post","link":"https:\/\/migracao.redenoticia.com.br\/noticia\/2013\/a-fazenda-prova-da-chave\/44906","title":{"rendered":"A Fazenda &#8211; prova da chave"},"content":{"rendered":"<p><em><strong><img loading=\"lazy\" decoding=\"async\" class=\"alignleft size-full wp-image-22058\" alt=\"a fazenda rede record aovivo\" src=\"http:\/\/redenoticia.com.br\/noticia\/imagens\/a-fazenda-rede-record-aovivo.jpg\" width=\"300\" height=\"193\" srcset=\"https:\/\/migracao.redenoticia.com.br\/noticia\/imagens\/a-fazenda-rede-record-aovivo.jpg 300w, https:\/\/migracao.redenoticia.com.br\/noticia\/imagens\/a-fazenda-rede-record-aovivo-250x161.jpg 250w, https:\/\/migracao.redenoticia.com.br\/noticia\/imagens\/a-fazenda-rede-record-aovivo-150x97.jpg 150w\" sizes=\"auto, (max-width: 300px) 100vw, 300px\" \/>A Fazenda<\/strong> <\/em>&#8211;\u00a0Yudi Tamashiro (Equipe Avestruz), Yani de Simone (Equipe Coelho) e Andressa Urach (Equipe Ovelha) disputaram a Prova da Chave nesta quarta-feira (28). O objetivo foi destran\u00e7ar fitas movimentando manoplas. Andressa venceu a disputa e ganhou o Poder da Arca. O segredo do ba\u00fa s\u00f3 ser\u00e1 revelado na vota\u00e7\u00e3o deste s\u00e1bado (31) e poder\u00e1 mudar os rumos do jogo.<\/p>\n<p>&#8212;<br \/>\nMateus Verdelho (Equipe Avestruz) e Marcos Oliver (Equipe Coelho) disputaram a Prova da Chave nesta sexta-feira (23). Por conta do Poder da Arca, revelado na semana passado, a Equipe Coelho que estava no celeiro n\u00e3o participou da disputa. Mateus Verdelho (Equipe Avestruz) e Marcos Oliver (Equipe Coelho) enfrentaram uma prova que exigiu pontaria, sorte e for\u00e7a. O objetivo foi atingir alvos com uma bazuca. Cada alvo tinha uma pontua\u00e7\u00e3o correspondente. Mateus venceu a Prova da Chave pela segunda vez na temporada. Esta foi a quarta vit\u00f3ria seguida da Equipe Avestruz.<\/p>\n<p>Na ter\u00e7a-feira (20), B\u00e1rbara Evans foi a mais votada pelo p\u00fablico, continuou na disputa e ganhou imunidade para pr\u00f3xima Ro\u00e7a. Denise Rocha e Yani de Simone n\u00e3o foram eliminadas e desceram para o celeiro, onde ficar\u00e3o confinadas at\u00e9 a vota\u00e7\u00e3o deste s\u00e1bado (24). O destino delas est\u00e1 nas m\u00e3os dos pe\u00f5es. Eles v\u00e3o votar para salvar uma delas. J\u00e1 a outra estar\u00e1 automaticamente na Ro\u00e7a.<\/p>\n<p>&#8212;<\/p>\n<p>Na noite de ter\u00e7a-feira, 13\/08, Britto Jr. anunciou a sa\u00edda da competidora Scheila Carvalho do programa A Fazenda. Depois ele reuniu os grupos na sede para defini\u00e7\u00e3o dos 3 pe\u00f5es que representaram as equipes na disputa da prova da chave, que aconteceu nesta quarta-feira. B\u00e1rbara Evans (Equipe Ovelha), Paulo Nunes (Equipe Coelho) e Yudi Tamashiro (Equipe Avestruz) foram indicados pelas respectivas equipes, e disputaram uma prova de racioc\u00ednio e agilidade.\u00a0O objetivo dos pe\u00f5es foi construir e atravessar pontes at\u00e9 o final de um circuito. Yudi Tamashiro\u00a0foi mais r\u00e1pido e ganhou a Chave da Arca que s\u00f3 poder\u00e1 ser aberta no dia da vota\u00e7\u00e3o. O Yudi Tamashiro\u00a0tamb\u00e9m teve que mandar uma equipe inteira para o celeiro. Depois de pensar Yudi\u00a0escolheu a Equipe Ovelha: Gominho, B\u00e1rbara,\u00a0\u00a0Andressa\u00a0e Denise\u00a0ficar\u00e3o confinados no celeiro at\u00e9 o pr\u00f3ximo s\u00e1bado (17), quando subir\u00e3o para a \u00e1rea de vota\u00e7\u00e3o. Os exclu\u00eddos do celeiro ter\u00e3o que sair no meio da balada e descer para o celeiro na madrugada da quinta-feira (15).<\/p>\n<p>&#8212;<\/p>\n<p>Na noite de ter\u00e7a-feira, 06\/08, Britto Jr. anunciou a sa\u00edda do competidor Ivo do programa A Fazenda. Depois ele reuniu os grupos na sede para defini\u00e7\u00e3o dos 3 pe\u00f5es que representaram as equipes na disputa da prova da chave, que aconteceu nesta quarta-feira. Beto Malfacini (Equipe Avestruz), Gominho (Equipe Ovelha)\u00a0e Marcos Oliver\u00a0(Equipe Coelho) foram indicados pelas respectivas equipes, e disputaram uma prova de for\u00e7a, equil\u00edbrio e agilidade.\u00a0O objetivo dos pe\u00f5es foi atravessar um percurso suspenso em cordas e desatar n\u00f3s. Beto ganhou a Chave da Arca que s\u00f3 poder\u00e1 ser aberta no dia da vota\u00e7\u00e3o. O modelo tamb\u00e9m teve que mandar uma equipe inteira para o celeiro. Depois de pensar Beto escolheu a Equipe Coelho: Scheila Carvalho, Marcos Oliver, Paulo Nunes e Yani de Simone ficar\u00e3o confinados no celeiro at\u00e9 o pr\u00f3ximo s\u00e1bado (10), quando subir\u00e3o para a \u00e1rea de vota\u00e7\u00e3o. Os exclu\u00eddos do celeiro ter\u00e3o que sair no meio da Festa Pa\u00eds das Maravilhas e descer para o local.<\/p>\n<p>&#8212;<\/p>\n<p>Na noite de quarta-feira, 24\/07, apenas os integrantes da Equipe Coelho disputaram a Prova da Chave. O direito foi conquistado por meio do Poder da Chave que Mateus Verdelho ganhou da semana passada. Dessa forma, s\u00f3 Scheila Carvalho, Marcos Oliver, Paulo Nunes e Yani de Simone enfrentaram um percurso com obst\u00e1culos. Scheila ganhou a prova e a Chave da Arca que s\u00f3 poder\u00e1 ser aberta no dia da vota\u00e7\u00e3o. Scheila tamb\u00e9m teve que mandar uma equipe inteira para o celeiro. Depois de pensar escolheu a Equipe Avestruz. Beto Malfacini, Mateus Verdelho e Yudi Tamashiro ficar\u00e3o confinados no celeiro at\u00e9 o pr\u00f3ximo s\u00e1bado (27), quando subir\u00e3o para a \u00e1rea de vota\u00e7\u00e3o.<br \/>\n&#8212;<\/p>\n<p>Na noite de ter\u00e7a-feira, 16\/07, Britto Jr. anunciou a sa\u00edda da competidora Aryane\u00a0do programa A Fazenda. Depois ele reuniu os grupos na sede para defini\u00e7\u00e3o dos 2 pe\u00f5es que representaram as equipes Avestruz e Ovelha\u00a0na disputa da prova da chave, que aconteceu nesta quarta-feira. Ivo (Equipe Ovelha) e Mateus (Equipe Avestruz) enfrentaram um percurso com obst\u00e1culos para abrirem uma ponte. Mateus ganhou a Chave da Arca que s\u00f3 poder\u00e1 ser aberta no dia da vota\u00e7\u00e3o. O modelo tamb\u00e9m teve que mandar uma equipe inteira para o celeiro. Depois de pensar Mateus escolheu a Equipe Coelho: Scheila Carvalho, Marcos Oliver e Yani de Simone ficar\u00e3o novamente confinados no celeiro at\u00e9 o pr\u00f3ximo s\u00e1bado (20), quando subir\u00e3o para a \u00e1rea de vota\u00e7\u00e3o. Paulo Nunes n\u00e3o foi para o celeiro porque \u00e9 o Fazendeiro da Semana.<br \/>\n&#8212;<\/p>\n<p>Na noite de ter\u00e7a-feira, 09\/07, Britto Jr. anunciou a sa\u00edda da competidora Lu do programa A Fazenda. Depois ele reuniu os grupos na sede para defini\u00e7\u00e3o dos 3 pe\u00f5es que representaram as equipes na disputa da prova da chave, que aconteceu nesta quarta-feira. Beto Malfacini (Equipe Avestruz), Scheila Carvalho (Equipe Coelho) e Andressa Urach (Equipe Ovelha) disputaram um desafio de teste f\u00edsico e de equil\u00edbrio. O objetivo dos pe\u00f5es foi montar uma ponte para buscar e levar argolas at\u00e9 o final de um percurso, encontrando as posi\u00e7\u00f5es e os encaixes corretos. Beto ganhou a Chave da Arca que s\u00f3 poder\u00e1 ser aberta no dia da vota\u00e7\u00e3o. O modelo tamb\u00e9m teve que mandar uma equipe inteira para o celeiro. Depois de pensar Beto escolheu a Equipe Coelho, por ser um time forte: Scheila Carvalho, Marcos Oliver, Paulo Nunes e Yani de Simone ficar\u00e3o confinados no celeiro at\u00e9 o pr\u00f3ximo s\u00e1bado (13), quando subir\u00e3o para a \u00e1rea de vota\u00e7\u00e3o. Os exclu\u00eddos do celeiro ter\u00e3o que sair no meio da Festa Dona Xepa e descer para o local.<br \/>\n&#8212;<\/p>\n<p>Na noite de ter\u00e7a-feira, 02\/07, Britto Jr. anunciou a sa\u00edda do cantor M\u00e1rcio do programa A Fazenda, e a integra\u00e7\u00e3o da Fazendeira Andressa no time das Ovelhas. Depois ele reuniu os grupos na sede para defini\u00e7\u00e3o dos 3 pe\u00f5es que representaram as equipes na disputa da prova da chave, que aconteceu nesta quarta-feira. Mateus Verdelho representou a equipe Avestruz. Marcos Oliver representou a equipe Coelho. Ivo Meirelles representou a equipe Ovelha. O objetivo dos pe\u00f5es foi levar uma pe\u00e7a at\u00e9 o final de um percurso, encontrando as posi\u00e7\u00f5es e os encaixes corretos ao longo do caminho. Marcos Oliver ganhou a Chave da Arca que s\u00f3 poder\u00e1 ser aberta no dia da vota\u00e7\u00e3o. O ator tamb\u00e9m teve que mandar uma equipe inteira para o celeiro. Depois de pensar Marcos escolheu a Equipe Avestruz, por ser um time forte: Beto Malfacini, Aryane Steinkopf, Mateus Verdelho, Rita Cadillac e Yudi Tamashiro. A Equipe Avestruz ficar\u00e1 exclu\u00edda no celeiro at\u00e9 a vota\u00e7\u00e3o. Os integrantes da Equipe Avestruz ter\u00e3o que ir para o celeiro no meio da Festa Idade da Pedra.<\/p>\n<p>Fonte Rede Record A Fazenda<\/p>\n<p>Participantes de A Fazenda 2013<br \/>\nAndressa &#8211; personalidade da midia<br \/>\nAryane &#8211; ex-panicat<br \/>\nB\u00e1rbara &#8211; modelo e filha de Monique<br \/>\nBeto &#8211; modelo internacional<br \/>\nDenise &#8211; furac\u00e3o da CPI<br \/>\nGominho &#8211; fofoqueiro de plant\u00e3o<br \/>\nIvo &#8211; m\u00fasico<br \/>\nLu &#8211; atriz, cantora e blogueira<br \/>\nM\u00e1rcio &#8211; cantor e g\u00eameo do Vav\u00e1<br \/>\nMarcos &#8211; ex-\u2019Teste de Fidelidade\u2019<br \/>\nMateus &#8211; DJ e modelo<br \/>\nPaulo &#8211; ex-boleiro<br \/>\nRita &#8211; chacrete n\u00ba 1<br \/>\nScheila &#8211; eterna morena do Tchan<br \/>\nYani &#8211; Mulher Fil\u00e9<br \/>\nYudi &#8211; apresentador e \u00eddolo teen<\/p>\n","protected":false},"excerpt":{"rendered":"<p>A Fazenda &#8211;\u00a0Yudi Tamashiro (Equipe Avestruz), Yani de Simone (Equipe Coelho) e Andressa Urach (Equipe Ovelha) disputaram a Prova da Chave nesta quarta-feira (28). O objetivo foi destran\u00e7ar fitas movimentando manoplas. Andressa venceu a disputa e ganhou o Poder da Arca. O segredo do ba\u00fa s\u00f3 ser\u00e1 revelado na vota\u00e7\u00e3o deste s\u00e1bado (31) e poder\u00e1 [&hellip;]<\/p>\n","protected":false},"author":3,"featured_media":22058,"comment_status":"open","ping_status":"closed","sticky":false,"template":"","format":"standard","meta":{"tdm_status":"","tdm_grid_status":"","footnotes":""},"categories":[406,371,343],"tags":[],"class_list":{"0":"post-44906","1":"post","2":"type-post","3":"status-publish","4":"format-standard","5":"has-post-thumbnail","7":"category-a-fazenda","8":"category-rede-record","9":"category-televisao"},"_links":{"self":[{"href":"https:\/\/migracao.redenoticia.com.br\/noticia\/wp-json\/wp\/v2\/posts\/44906","targetHints":{"allow":["GET"]}}],"collection":[{"href":"https:\/\/migracao.redenoticia.com.br\/noticia\/wp-json\/wp\/v2\/posts"}],"about":[{"href":"https:\/\/migracao.redenoticia.com.br\/noticia\/wp-json\/wp\/v2\/types\/post"}],"author":[{"embeddable":true,"href":"https:\/\/migracao.redenoticia.com.br\/noticia\/wp-json\/wp\/v2\/users\/3"}],"replies":[{"embeddable":true,"href":"https:\/\/migracao.redenoticia.com.br\/noticia\/wp-json\/wp\/v2\/comments?post=44906"}],"version-history":[{"count":0,"href":"https:\/\/migracao.redenoticia.com.br\/noticia\/wp-json\/wp\/v2\/posts\/44906\/revisions"}],"wp:featuredmedia":[{"embeddable":true,"href":"https:\/\/migracao.redenoticia.com.br\/noticia\/wp-json\/wp\/v2\/media\/22058"}],"wp:attachment":[{"href":"https:\/\/migracao.redenoticia.com.br\/noticia\/wp-json\/wp\/v2\/media?parent=44906"}],"wp:term":[{"taxonomy":"category","embeddable":true,"href":"https:\/\/migracao.redenoticia.com.br\/noticia\/wp-json\/wp\/v2\/categories?post=44906"},{"taxonomy":"post_tag","embeddable":true,"href":"https:\/\/migracao.redenoticia.com.br\/noticia\/wp-json\/wp\/v2\/tags?post=44906"}],"curies":[{"name":"wp","href":"https:\/\/api.w.org\/{rel}","templated":true}]}}