{"id":452,"date":"2009-04-13T13:18:32","date_gmt":"2009-04-13T17:18:32","guid":{"rendered":"http:\/\/www.redenoticia.com.br\/noticia\/2009\/04\/corinthians-nos-acrescimos-vence-o-sao-paulo\/"},"modified":"2009-04-13T13:18:32","modified_gmt":"2009-04-13T17:18:32","slug":"corinthians-nos-acrescimos-vence-o-sao-paulo","status":"publish","type":"post","link":"https:\/\/migracao.redenoticia.com.br\/noticia\/2009\/corinthians-nos-acrescimos-vence-o-sao-paulo\/452","title":{"rendered":"Corinthians, nos acr\u00e9scimos, vence o S\u00e3o Paulo"},"content":{"rendered":"\n<p style=\"MARGIN: 0cm 0cm 0pt; mso-margin-top-alt: auto; mso-margin-bottom-alt: auto\">O cl\u00e1ssico entre Corinthians e S\u00e3o Paulo, disputado no Pacaembu, foi eletrizante. Lances de perigo, grandes defesas e gols. O placar estava empatado at\u00e9 os acr\u00e9scimos, quando o Corinthians garantiu a vit\u00f3ria, por 2 a 1.<\/p>\n<p style=\"MARGIN: 0cm 0cm 0pt; mso-margin-top-alt: auto; mso-margin-bottom-alt: auto\">O placar reverteu a vantagem do Tricolor e faz com que o Corinthians precise do empate para ir \u00e0s finais do Campeonato Paulista.<\/p>\n<p style=\"MARGIN: 0cm 0cm 0pt; mso-margin-top-alt: auto; mso-margin-bottom-alt: auto\">O jogo come\u00e7ou aberto, com o Corinthians tomando a iniciativa em campo e o S\u00e3o Paulo se defendendo. A bola para foi a arma do Tricolor na primeira etapa e, assim, o time do Morumbi abriu o placar. Jorge Wagner cruzou para a \u00e1rea e Miranda se antecipou para abrir o placar.<\/p>\n<p style=\"MARGIN: 0cm 0cm 0pt; mso-margin-top-alt: auto; mso-margin-bottom-alt: auto\">Pouco depois, o Tim\u00e3o empatou o placar. Elias recebeu passe de Jorge Henrique e tocou sem chance de defesa para Rog\u00e9rio Ceni. O Tim\u00e3o foi para cima, mas foi o S\u00e3o Paulo a ter a grande chance do jogo, com Borges. O goleiro tricolor fez lan\u00e7amento longo e o atacante, por pouco, n\u00e3o faz o segundo.<\/p>\n<p style=\"MARGIN: 0cm 0cm 0pt; mso-margin-top-alt: auto; mso-margin-bottom-alt: auto\">No segundo tempo, o Corinthians foi para cima e por pouco n\u00e3o marcou com Ronaldo. O time alvinegro pressionava a cada minuto e o S\u00e3o Paulo tentava buscar espa\u00e7o para armar o ataque.<\/p>\n<p style=\"MARGIN: 0cm 0cm 0pt; mso-margin-top-alt: auto; mso-margin-bottom-alt: auto\">O jogo, da\u00ed para frente, se tornou equilibrado e com v\u00e1rias chances.<\/p>\n<p style=\"MARGIN: 0cm 0cm 0pt; mso-margin-top-alt: auto; mso-margin-bottom-alt: auto\">O S\u00e3o Paulo teve algumas tentativas de marcar e o Corinthians arriscou alguns chutes, que deram bastante trabalho para Rog\u00e9rio Ceni. O jogo, nos seus minutos finais, seguiu disputado, at\u00e9 o gol de Cristian, de fora da \u00e1rea, nos acr\u00e9scimos, que deu a vit\u00f3ria ao Corinthians.<\/p>\n<p style=\"MARGIN: 0cm 0cm 0pt; mso-margin-top-alt: auto; mso-margin-bottom-alt: auto\">O jogo de volta ser\u00e1 no Est\u00e1dio do Morumbi.<\/p>\n<p style=\"MARGIN: 0cm 0cm 0pt; mso-margin-top-alt: auto; mso-margin-bottom-alt: auto\">Fonte news free<\/p>\n","protected":false},"excerpt":{"rendered":"<p>O cl\u00e1ssico entre Corinthians e S\u00e3o Paulo, disputado no Pacaembu, foi eletrizante. Lances de perigo, grandes defesas e gols. O placar estava empatado at\u00e9 os acr\u00e9scimos, quando o Corinthians garantiu a vit\u00f3ria, por 2 a 1. O placar reverteu a vantagem do Tricolor e faz com que o Corinthians precise do empate para ir \u00e0s [&hellip;]<\/p>\n","protected":false},"author":2,"featured_media":0,"comment_status":"open","ping_status":"open","sticky":false,"template":"","format":"standard","meta":{"tdm_status":"","tdm_grid_status":"","footnotes":""},"categories":[22],"tags":[],"class_list":{"0":"post-452","1":"post","2":"type-post","3":"status-publish","4":"format-standard","6":"category-brasil"},"_links":{"self":[{"href":"https:\/\/migracao.redenoticia.com.br\/noticia\/wp-json\/wp\/v2\/posts\/452","targetHints":{"allow":["GET"]}}],"collection":[{"href":"https:\/\/migracao.redenoticia.com.br\/noticia\/wp-json\/wp\/v2\/posts"}],"about":[{"href":"https:\/\/migracao.redenoticia.com.br\/noticia\/wp-json\/wp\/v2\/types\/post"}],"author":[{"embeddable":true,"href":"https:\/\/migracao.redenoticia.com.br\/noticia\/wp-json\/wp\/v2\/users\/2"}],"replies":[{"embeddable":true,"href":"https:\/\/migracao.redenoticia.com.br\/noticia\/wp-json\/wp\/v2\/comments?post=452"}],"version-history":[{"count":0,"href":"https:\/\/migracao.redenoticia.com.br\/noticia\/wp-json\/wp\/v2\/posts\/452\/revisions"}],"wp:attachment":[{"href":"https:\/\/migracao.redenoticia.com.br\/noticia\/wp-json\/wp\/v2\/media?parent=452"}],"wp:term":[{"taxonomy":"category","embeddable":true,"href":"https:\/\/migracao.redenoticia.com.br\/noticia\/wp-json\/wp\/v2\/categories?post=452"},{"taxonomy":"post_tag","embeddable":true,"href":"https:\/\/migracao.redenoticia.com.br\/noticia\/wp-json\/wp\/v2\/tags?post=452"}],"curies":[{"name":"wp","href":"https:\/\/api.w.org\/{rel}","templated":true}]}}