{"id":4535,"date":"2009-07-03T11:25:51","date_gmt":"2009-07-03T15:25:51","guid":{"rendered":"http:\/\/www.redenoticia.com.br\/noticia\/?p=4535"},"modified":"2009-07-03T23:15:58","modified_gmt":"2009-07-04T03:15:58","slug":"ji-parana-ultrapassa-em-1741-meta-da-polio","status":"publish","type":"post","link":"https:\/\/migracao.redenoticia.com.br\/noticia\/2009\/ji-parana-ultrapassa-em-1741-meta-da-polio\/4535","title":{"rendered":"Ji-Paran\u00e1 ultrapassa em 17,41% meta da p\u00f3lio"},"content":{"rendered":"<figure id=\"attachment_4536\" aria-describedby=\"caption-attachment-4536\" style=\"width: 250px\" class=\"wp-caption alignleft\"><a href=\"https:\/\/migracao.redenoticia.com.br\/noticia\/imagens\/\/Vacina-em-Ji-Parana.JPG\"><img loading=\"lazy\" decoding=\"async\" class=\"size-medium wp-image-4536\" title=\"Vacina em Ji-Parana\" src=\"https:\/\/migracao.redenoticia.com.br\/noticia\/imagens\/\/Vacina-em-Ji-Parana-250x167.jpg\" alt=\"Toda crian\u00e7a de 0 a 5 anos de idade precisa ser vacinada\" width=\"250\" height=\"167\" \/><\/a><figcaption id=\"caption-attachment-4536\" class=\"wp-caption-text\">Toda crian\u00e7a de 0 a 5 anos de idade precisa ser vacinada<\/figcaption><\/figure>\n<p>A Divis\u00e3o de Imuniza\u00e7\u00e3o da Secretaria Municipal de Sa\u00fade (Semusa) \u00a0de Ji-Paran\u00e1 comemora ter ultrapassado a meta proposta pelo Minist\u00e9rio da Sa\u00fade na primeira etapa da Campanha Nacional de Vacina\u00e7\u00e3o contra a Poliomielite, doen\u00e7a mais conhecida no Pa\u00eds como paralisia infantil. Enquanto munic\u00edpios vizinhos reclamam n\u00e3o ter sequer atingido a meta, que \u00e9 de vacinar 95% das crian\u00e7as entre 0 e 5 anos, em Ji-Paran\u00e1, at\u00e9 esta semana, j\u00e1 foram vacinados 117,41% das crian\u00e7as dentro da faixa et\u00e1ria.<\/p>\n<p>A diretora da Divis\u00e3o de Imuniza\u00e7\u00e3o da Semusa, enfermeira Daniela Aidar explica que o percentual que ultrapassa os 100% previstos pelo Minist\u00e9rio da Sa\u00fade s\u00e3o de crian\u00e7as que vieram de outros munic\u00edpios e de outros estados e de crian\u00e7as cujas fam\u00edlias est\u00e3o em tr\u00e2nsito.<\/p>\n<p>Para o Minist\u00e9rio da Sa\u00fade, 95% da popula\u00e7\u00e3o de 0 a 5 anos em Ji-Paran\u00e1 correspondem a 10.192 crian\u00e7as. Por\u00e9m, at\u00e9 o in\u00edcio da semana a Semusa j\u00e1 havia vacinado 11.967 crian\u00e7as, na zona urbana e rural.<\/p>\n<p>Segundo Daniela, o excelente resultado, que recebeu elogios do Minist\u00e9rio quando do informe t\u00e9cnico, se d\u00e1 pela preocupa\u00e7\u00e3o do secret\u00e1rio de Sa\u00fade, Jos\u00e9 Batista, em priorizar a preven\u00e7\u00e3o de doen\u00e7as no munic\u00edpio.<\/p>\n<p>\u201cRecebemos apoio incondicional do secret\u00e1rio (Jos\u00e9 Batista) para que implant\u00e1ssemos quase 50 pontos de vacina na cidade. Essa descentraliza\u00e7\u00e3o dos pontos de vacina facilita o acesso dos pais e resultado numa maior cobertura vacinal\u201d, afirmou a enfermeira.<\/p>\n<p>A vacina\u00e7\u00e3o contra a p\u00f3lio prossegue at\u00e9 o dia 22 de agosto, quando acontece o dia \u201cD\u201d da segunda etapa. At\u00e9 l\u00e1, a vacina contra p\u00f3lio pode ser encontrada nos postos de sa\u00fade 2 de Abril, Dom Bosco, Primavera, Nova Bras\u00edlia, Exposi\u00e7\u00e3o, BNH Mulher, PA KM 5 e nos postos dos dois distritos de Ji-Paran\u00e1, Nova Colina e Nova Londrina.<\/p>\n","protected":false},"excerpt":{"rendered":"<p>A Divis\u00e3o de Imuniza\u00e7\u00e3o da Secretaria Municipal de Sa\u00fade (Semusa) \u00a0de Ji-Paran\u00e1 comemora ter ultrapassado a meta proposta pelo Minist\u00e9rio da Sa\u00fade na primeira etapa da Campanha Nacional de Vacina\u00e7\u00e3o contra a Poliomielite, doen\u00e7a mais conhecida no Pa\u00eds como paralisia infantil. Enquanto munic\u00edpios vizinhos reclamam n\u00e3o ter sequer atingido a meta, que \u00e9 de vacinar [&hellip;]<\/p>\n","protected":false},"author":2,"featured_media":0,"comment_status":"open","ping_status":"open","sticky":false,"template":"","format":"standard","meta":{"tdm_status":"","tdm_grid_status":"","footnotes":""},"categories":[5],"tags":[],"class_list":{"0":"post-4535","1":"post","2":"type-post","3":"status-publish","4":"format-standard","6":"category-saude-e-vida"},"_links":{"self":[{"href":"https:\/\/migracao.redenoticia.com.br\/noticia\/wp-json\/wp\/v2\/posts\/4535","targetHints":{"allow":["GET"]}}],"collection":[{"href":"https:\/\/migracao.redenoticia.com.br\/noticia\/wp-json\/wp\/v2\/posts"}],"about":[{"href":"https:\/\/migracao.redenoticia.com.br\/noticia\/wp-json\/wp\/v2\/types\/post"}],"author":[{"embeddable":true,"href":"https:\/\/migracao.redenoticia.com.br\/noticia\/wp-json\/wp\/v2\/users\/2"}],"replies":[{"embeddable":true,"href":"https:\/\/migracao.redenoticia.com.br\/noticia\/wp-json\/wp\/v2\/comments?post=4535"}],"version-history":[{"count":0,"href":"https:\/\/migracao.redenoticia.com.br\/noticia\/wp-json\/wp\/v2\/posts\/4535\/revisions"}],"wp:attachment":[{"href":"https:\/\/migracao.redenoticia.com.br\/noticia\/wp-json\/wp\/v2\/media?parent=4535"}],"wp:term":[{"taxonomy":"category","embeddable":true,"href":"https:\/\/migracao.redenoticia.com.br\/noticia\/wp-json\/wp\/v2\/categories?post=4535"},{"taxonomy":"post_tag","embeddable":true,"href":"https:\/\/migracao.redenoticia.com.br\/noticia\/wp-json\/wp\/v2\/tags?post=4535"}],"curies":[{"name":"wp","href":"https:\/\/api.w.org\/{rel}","templated":true}]}}