{"id":4540,"date":"2009-07-03T11:29:43","date_gmt":"2009-07-03T15:29:43","guid":{"rendered":"http:\/\/www.redenoticia.com.br\/noticia\/?p=4540"},"modified":"2009-07-27T02:10:58","modified_gmt":"2009-07-27T02:10:58","slug":"previsao-do-tempo-em-julho-para-todo-o-brasil","status":"publish","type":"post","link":"https:\/\/migracao.redenoticia.com.br\/noticia\/2009\/previsao-do-tempo-em-julho-para-todo-o-brasil\/4540","title":{"rendered":"Previs\u00e3o do tempo em Julho para todo o Brasil"},"content":{"rendered":"<p>Frio, calor ou chuva. Saiba qual o destino certo para viajar. Julho \u00e9 o m\u00eas das ferias escolares e muitas fam\u00edlias j\u00e1 programaram suas viagens. De acordo com a meteorologista da Climatempo, Patr\u00edcia Madeira, durante o inverno, h\u00e1 v\u00e1rias op\u00e7\u00f5es de destino e para cada um deles um clima espec\u00edfico. Saiba para onde viajar em pleno inverno e o que \u00e9 t\u00edpico desta \u00e9poca do ano nas diferentes regi\u00f5es do Brasil.<\/p>\n<p>Previs\u00e3o do tempo Regi\u00e3o Sul Brasil<\/p>\n<p>No Sul do Brasil \u00e9 comum a chegada de v\u00e1rias frentes frias, algumas com ciclones extratropicais associados. Isso quer dizer que o Rio Grande do Sul, Santa Catarina e o oeste, o sul e o leste do Paran\u00e1 t\u00eam chuva regular, mas n\u00e3o se pode dizer que \u00e9 \u00e9poca de tempo chuvoso. Alguns dias s\u00e3o nublados, mas n\u00e3o passam de dois, no m\u00e1ximo tr\u00eas, seguidos. O que marca realmente o m\u00eas na regi\u00e3o Sul \u00e9 o frio. Cada frente fria vem acompanhada por uma massa de ar polar. A pr\u00f3xima nem demora muito tempo, chega \u00e0 Regi\u00e3o no dia 9 de julho. As massas polares s\u00e3o sempre respons\u00e1veis por queda de temperatura e, nas \u00e1reas prop\u00edcias, ocorre geada ao amanhecer. &#8220;Houve queda de neve este ano, e a possibilidade de nova ocorr\u00eancia ainda este m\u00eas n\u00e3o est\u00e1 descartada, mas s\u00f3 nas cidades mais altas da Serra Geral, como por exemplo, S\u00e3o Joaquim e S\u00e3o Jos\u00e9 dos Ausentes&#8221; explica Patr\u00edcia Madeira.<\/p>\n<p>Previs\u00e3o do tempo Regi\u00e3o Sudeste Brasil<\/p>\n<p>A Regi\u00e3o Sudeste tem v\u00e1rios climas t\u00edpicos nesta \u00e9poca do ano. N\u00e3o \u00e9 poss\u00edvel, por exemplo, comparar o clima do sul de S\u00e3o Paulo com o clima do norte de Minas Gerais. Quem vai para S\u00e3o Paulo nesta \u00e9poca do ano pode encontrar duas situa\u00e7\u00f5es: tempo fechado e \u00famido, com a passagem das frentes frias, ou tempo ensolarado e seco, que \u00e9 o que predomina na maior parte do m\u00eas. As frentes frias s\u00e3o r\u00e1pidas e por isso o normal \u00e9 a ocorr\u00eancia de pouca chuva no Estado. O ar seco e frio que entra com a chegada de massas polares se torna um problema na grande S\u00e3o Paulo, pois ajuda a concentrar a polui\u00e7\u00e3o. Na Serra da Mantiqueira, este ar polar \u00e9 respons\u00e1vel pela forma\u00e7\u00e3o de geada. Campos do Jord\u00e3o se torna um ponto tur\u00edstico muito visitado devido a sua paisagem. No Rio de Janeiro e no Esp\u00edrito Santo, o tempo \u00e9 um pouco diferente de S\u00e3o Paulo. As temperaturas s\u00e3o amenas em julho, e o frio se concentra nas regi\u00f5es serranas. Normalmente os dias s\u00e3o muito bonitos, com c\u00e9u azul, condi\u00e7\u00e3o que s\u00f3 muda com a passagem de frentes frias. Na maior parte de Minas Gerais, o clima em julho \u00e9 seco, com temperatura amena durante as madrugadas, e at\u00e9 calor durante as tardes. No Sul de Minas e na Zona da Mata, o tempo \u00e9 mais \u00famido e mais frio. Nesta \u00e9poca, alguns ciclones extratropicais se formam no oceano e, por isso, o mar fica muitas vezes agitado em toda a costa do Sudeste.<\/p>\n<p>Previs\u00e3o do tempo Regi\u00e3o Centro-Oeste Brasil<\/p>\n<p>O m\u00eas de julho \u00e9 caracterizado por dias de sol e tempo seco na Regi\u00e3o Centro-Oeste. \u00c9 nesta \u00e9poca que aumenta o n\u00famero de focos de inc\u00eandio. Principalmente em Goi\u00e1s e no Distrito Federal, os \u00edndices de umidade relativa do ar ficam muito baixos ao longo do m\u00eas e, quando baixam de 20%, \u00e9 determinado estado de alerta. A meteorologista Patr\u00edcia Madeira lembra que n\u00e3o \u00e9 imposs\u00edvel que frentes frias consigam avan\u00e7ar sobre a Regi\u00e3o, mas elas provocam pouca chuva. Em Mato Grosso do Sul o m\u00eas de julho \u00e9 frio. A entrada de massas polares derruba frequentemente a temperatura no sul do Estado. Nos outros Estados ocorrem poucos dias frios e v\u00e1rios dias quentes.<\/p>\n<p>Previs\u00e3o do tempo Regi\u00e3o Nordeste Brasil<\/p>\n<p>A regi\u00e3o Nordeste \u00e9 um destino bem procurado nas f\u00e9rias de julho. Tudo por causa do sol e das belas praias espalhadas pelo imenso litoral nordestino. Em julho \u00e9 comum que nuvens carregadas cheguem \u00e0 costa leste, mas elas n\u00e3o deixam o tempo fechado por muito tempo. A meteorologista da Climatempo, Patr\u00edcia Madeira explica que estas \u00e1reas de instabilidade que chegam \u00e0 costa leste do Nordeste s\u00e3o conhecidas como Onda de Leste, um sistema meteorol\u00f3gico t\u00edpico desta \u00e9poca do ano, que provoca chuva e logo se dissipa. Al\u00e9m do litoral, esta instabilidade provoca chuva tamb\u00e9m em cidades da zona da mata e do agreste de Pernambuco e da Para\u00edba, como acontece com freq\u00fc\u00eancia em Campina Grande (interior da Para\u00edba), e em Caruaru (Pernambuco). Nas outras \u00e1reas do Nordeste, no entanto, o predom\u00ednio \u00e9 de ar quente e seco ao longo de julho, o que garante bastante sol.<\/p>\n<p>Previs\u00e3o do tempo Regi\u00e3o Norte Brasil<\/p>\n<p>Na regi\u00e3o Norte \u00e9 comum chover bastante neste m\u00eas de julho em Roraima e no noroeste do Amazonas. Mas vale lembrar que estas regi\u00f5es est\u00e3o acima do Equador, portanto est\u00e3o no Hemisf\u00e9rio Norte. Por l\u00e1 \u00e9 ver\u00e3o e n\u00e3o inverno. J\u00e1 no Tocantins, no sul do Par\u00e1 e em Rond\u00f4nia o m\u00eas \u00e9 marcado por pouca chuva e muito sol, com temperaturas elevadas durante as tardes. &#8220;Ainda neste m\u00eas de julho poderemos ter uma massa polar forte chegando ao Norte do Brasil. Este sistema pode provocar o fen\u00f4meno da friagem no Acre, em Rond\u00f4nia e no sul do Amazonas&#8221;, explica Patr\u00edcia.<\/p>\n<p>Sobre o Grupo Climatempo<\/p>\n<p>O Grupo Climatempo \u00e9 a maior empresa privada de meteorologia do pa\u00eds. Uma holding formada pela Climatempo Consultoria, Ag\u00eancia Climatempo, a TV Climatempo e a CLIMANET (Internet, servi\u00e7os de tecnologia e inform\u00e1tica). Atualmente, o Grupo Climatempo fornece conte\u00fado para os principais portais do pa\u00eds, mais de 50 retransmissoras de televis\u00e3o do Brasil e tem cerca de mil clientes. Os dois principais segmentos atendidos s\u00e3o o de agroneg\u00f3cios e meios de comunica\u00e7\u00e3o. Al\u00e9m destes, fornece conte\u00fado meteorol\u00f3gico estrat\u00e9gico para produtoras, a ind\u00fastria eletroeletr\u00f4nica e t\u00eaxtil, com\u00e9rcio, moda e turismo, entre outros setores.<\/p>\n<p>O Grupo \u00e9 presidido pelo meteorologista Carlos Magno, um dos precursores da profiss\u00e3o no Pa\u00eds, com mais de 23 anos de carreira, que ajudou a mudar a cultura que o brasileiro tinha sobre a meteorologia. O Grupo Climatempo conta ainda com Ana L\u00facia Frony vice-presidente, Renato Urbinder, s\u00f3cio-diretor (Diretor de Neg\u00f3cios e Projetos Especiais), e os diretores executivos Gilca Palma (Climatempo Meteorologia), Andr\u00e9 Madeira (Ag\u00eancia Climatempo) e o jornalista Paulo Polli (TV Climatempo) no Conselho Consultivo.<\/p>\n","protected":false},"excerpt":{"rendered":"<p>Frio, calor ou chuva. Saiba qual o destino certo para viajar. Julho \u00e9 o m\u00eas das ferias escolares e muitas fam\u00edlias j\u00e1 programaram suas viagens. De acordo com a meteorologista da Climatempo, Patr\u00edcia Madeira, durante o inverno, h\u00e1 v\u00e1rias op\u00e7\u00f5es de destino e para cada um deles um clima espec\u00edfico. Saiba para onde viajar em [&hellip;]<\/p>\n","protected":false},"author":3,"featured_media":0,"comment_status":"open","ping_status":"open","sticky":false,"template":"","format":"standard","meta":{"tdm_status":"","tdm_grid_status":"","footnotes":""},"categories":[22,327],"tags":[],"class_list":{"0":"post-4540","1":"post","2":"type-post","3":"status-publish","4":"format-standard","6":"category-brasil","7":"category-clima"},"_links":{"self":[{"href":"https:\/\/migracao.redenoticia.com.br\/noticia\/wp-json\/wp\/v2\/posts\/4540","targetHints":{"allow":["GET"]}}],"collection":[{"href":"https:\/\/migracao.redenoticia.com.br\/noticia\/wp-json\/wp\/v2\/posts"}],"about":[{"href":"https:\/\/migracao.redenoticia.com.br\/noticia\/wp-json\/wp\/v2\/types\/post"}],"author":[{"embeddable":true,"href":"https:\/\/migracao.redenoticia.com.br\/noticia\/wp-json\/wp\/v2\/users\/3"}],"replies":[{"embeddable":true,"href":"https:\/\/migracao.redenoticia.com.br\/noticia\/wp-json\/wp\/v2\/comments?post=4540"}],"version-history":[{"count":0,"href":"https:\/\/migracao.redenoticia.com.br\/noticia\/wp-json\/wp\/v2\/posts\/4540\/revisions"}],"wp:attachment":[{"href":"https:\/\/migracao.redenoticia.com.br\/noticia\/wp-json\/wp\/v2\/media?parent=4540"}],"wp:term":[{"taxonomy":"category","embeddable":true,"href":"https:\/\/migracao.redenoticia.com.br\/noticia\/wp-json\/wp\/v2\/categories?post=4540"},{"taxonomy":"post_tag","embeddable":true,"href":"https:\/\/migracao.redenoticia.com.br\/noticia\/wp-json\/wp\/v2\/tags?post=4540"}],"curies":[{"name":"wp","href":"https:\/\/api.w.org\/{rel}","templated":true}]}}