{"id":4544,"date":"2009-07-03T13:40:55","date_gmt":"2009-07-03T17:40:55","guid":{"rendered":"http:\/\/www.redenoticia.com.br\/noticia\/?p=4544"},"modified":"2009-07-27T02:10:55","modified_gmt":"2009-07-27T02:10:55","slug":"clima-tempo-frente-fria-fica-parada-no-litoral-de-sao-paulo-e-rio-de-janeiro","status":"publish","type":"post","link":"https:\/\/migracao.redenoticia.com.br\/noticia\/2009\/clima-tempo-frente-fria-fica-parada-no-litoral-de-sao-paulo-e-rio-de-janeiro\/4544","title":{"rendered":"Clima Tempo &#8211; Frente fria fica parada no litoral de S\u00e3o Paulo e Rio de Janeiro"},"content":{"rendered":"<p>Previs\u00e3o do tempo: Em rela\u00e7\u00e3o \u00e0s condi\u00e7\u00f5es do tempo, o fim de semana, n\u00e3o vai ser de praia em S\u00e3o Paulo e no Rio de Janeiro, segundo a Clima tempo. \u00c1reas de instabilidade de uma frente fria permanecem praticamente paradas entre o litoral dos dois Estados e ajuda a formar nuvens carregadas.<\/p>\n<p>A presen\u00e7a de uma massa polar vinda do Sul vai manter a temperatura amena. N\u00e3o h\u00e1 expectativa de frio intenso, mas quem estiver contando com o calor forte, vai se decepcionar. Durante o fim de semana, os term\u00f4metros nas praias de S\u00e3o Paulo e do Rio Janeiro n\u00e3o devem superar os 25\u00baC. No s\u00e1bado e no domingo, todo o litoral de S\u00e3o Paulo e do Rio de Janeiro fica com o tempo chuvoso. H\u00e1 chance de algumas aberturas no domingo, mas as condi\u00e7\u00f5es de chuva permanecem altas. O vento frio polar sopra constante e ajuda a manter a sensa\u00e7\u00e3o de frio.<\/p>\n<p>As nuvens carregadas v\u00e3o sair do litoral paulista e fluminense na pr\u00f3xima segunda-feira. O sol volta a aparecer, sempre junto de algumas nuvens, mas h\u00e1 previs\u00e3o de pancadas de chuva.<\/p>\n<p>Nesta sexta-feira, as ondas chegavam a 1,5 metro no Rio de Janeiro e a 1 metro nas praias de S\u00e3o Paulo. No fim de semana, o mar tende a baixar e as ondas n\u00e3o devem passar de 1 metro.<\/p>\n<p>Sobre o Grupo Climatempo<\/p>\n<p>O Grupo Climatempo \u00e9 a maior empresa privada de meteorologia do pa\u00eds. Uma holding formada pela Climatempo Consultoria, Ag\u00eancia Climatempo, a TV Clima tempo e a CLIMANET (Internet, servi\u00e7os de tecnologia e inform\u00e1tica). Atualmente, o Grupo Climatempo fornece conte\u00fado para os principais portais do pa\u00eds, mais de 50 retransmissoras de televis\u00e3o do Brasil e tem cerca de mil clientes. Os dois principais segmentos atendidos s\u00e3o o de agroneg\u00f3cios e meios de comunica\u00e7\u00e3o. Al\u00e9m destes, fornece conte\u00fado meteorol\u00f3gico estrat\u00e9gico para produtoras, a ind\u00fastria eletroeletr\u00f4nica e t\u00eaxtil, com\u00e9rcio, moda e turismo, entre outros setores.<\/p>\n<p>O Grupo \u00e9 presidido pelo meteorologista Carlos Magno, um dos precursores da profiss\u00e3o no Pa\u00eds, com mais de 23 anos de carreira, que ajudou a mudar a cultura que o brasileiro tinha sobre a meteorologia. O Grupo Climatempo conta ainda com Ana L\u00facia Frony vice-presidente, Renato Urbinder, s\u00f3cio-diretor (Diretor de Neg\u00f3cios e Projetos Especiais), e os diretores executivos Gilca Palma (Climatempo Meteorologia), Andr\u00e9 Madeira (Ag\u00eancia Climatempo) e o jornalista Paulo Polli (TV Climatempo) no Conselho Consultivo.<\/p>\n","protected":false},"excerpt":{"rendered":"<p>Previs\u00e3o do tempo: Em rela\u00e7\u00e3o \u00e0s condi\u00e7\u00f5es do tempo, o fim de semana, n\u00e3o vai ser de praia em S\u00e3o Paulo e no Rio de Janeiro, segundo a Clima tempo. \u00c1reas de instabilidade de uma frente fria permanecem praticamente paradas entre o litoral dos dois Estados e ajuda a formar nuvens carregadas. A presen\u00e7a de [&hellip;]<\/p>\n","protected":false},"author":3,"featured_media":0,"comment_status":"open","ping_status":"open","sticky":false,"template":"","format":"standard","meta":{"tdm_status":"","tdm_grid_status":"","footnotes":""},"categories":[22,327],"tags":[],"class_list":{"0":"post-4544","1":"post","2":"type-post","3":"status-publish","4":"format-standard","6":"category-brasil","7":"category-clima"},"_links":{"self":[{"href":"https:\/\/migracao.redenoticia.com.br\/noticia\/wp-json\/wp\/v2\/posts\/4544","targetHints":{"allow":["GET"]}}],"collection":[{"href":"https:\/\/migracao.redenoticia.com.br\/noticia\/wp-json\/wp\/v2\/posts"}],"about":[{"href":"https:\/\/migracao.redenoticia.com.br\/noticia\/wp-json\/wp\/v2\/types\/post"}],"author":[{"embeddable":true,"href":"https:\/\/migracao.redenoticia.com.br\/noticia\/wp-json\/wp\/v2\/users\/3"}],"replies":[{"embeddable":true,"href":"https:\/\/migracao.redenoticia.com.br\/noticia\/wp-json\/wp\/v2\/comments?post=4544"}],"version-history":[{"count":0,"href":"https:\/\/migracao.redenoticia.com.br\/noticia\/wp-json\/wp\/v2\/posts\/4544\/revisions"}],"wp:attachment":[{"href":"https:\/\/migracao.redenoticia.com.br\/noticia\/wp-json\/wp\/v2\/media?parent=4544"}],"wp:term":[{"taxonomy":"category","embeddable":true,"href":"https:\/\/migracao.redenoticia.com.br\/noticia\/wp-json\/wp\/v2\/categories?post=4544"},{"taxonomy":"post_tag","embeddable":true,"href":"https:\/\/migracao.redenoticia.com.br\/noticia\/wp-json\/wp\/v2\/tags?post=4544"}],"curies":[{"name":"wp","href":"https:\/\/api.w.org\/{rel}","templated":true}]}}