{"id":4546,"date":"2009-07-03T13:47:44","date_gmt":"2009-07-03T17:47:44","guid":{"rendered":"http:\/\/www.redenoticia.com.br\/noticia\/?p=4546"},"modified":"2009-07-03T13:47:44","modified_gmt":"2009-07-03T17:47:44","slug":"prefeito-bianco-de-ji-parana-assina-convenio-do-fitha","status":"publish","type":"post","link":"https:\/\/migracao.redenoticia.com.br\/noticia\/2009\/prefeito-bianco-de-ji-parana-assina-convenio-do-fitha\/4546","title":{"rendered":"Prefeito Bianco de Ji-Paran\u00e1 assina conv\u00eanio do Fitha"},"content":{"rendered":"<p align=\"justify\"><span style=\"font-family: Calibri; font-size: small;\">O prefeito de Ji-Paran\u00e1, Jos\u00e9\u00a0de  Abreu Bianco (DEM), e o vice-governador de Rond\u00f4nia, Jo\u00e3o Cah\u00falla, assinaram na  manh\u00e3\u00a0de ontem o conv\u00eanio referente ao repasse de recursos do Fundo para  Infra-estrutura de Transporte e Habita\u00e7\u00e3o (Fitha), no valor de R$ 842.532,13. O  evento aconteceu na sede da Secretaria de Governo do Estado, em Ji-Paran\u00e1, e  tamb\u00e9m contou com a presen\u00e7a do vice-prefeito, Jos\u00e9 Ot\u00f4nio, do Secret\u00e1rio  Municipal de Obras e Servi\u00e7os P\u00fablicos, Assis Canuto, e do deputado estadual  Euclides Maciel (PSDB).<\/span><\/p>\n<p align=\"justify\"><span style=\"font-family: Calibri; font-size: small;\">De acordo com Bianco, esses recursos  chegaram num momento muito oportuno. \u201cAgradecemos a aten\u00e7\u00e3o do vice-governador,  Jo\u00e3o Cah\u00falla, por ter tido a disposi\u00e7\u00e3o de estar aqui no munic\u00edpio para a  assinatura deste conv\u00eanio, que j\u00e1 estamos reivindicando h\u00e1 algum tempo, o que  nos possibilitar\u00e1 licitar a contrata\u00e7\u00e3o de maquin\u00e1rio, onde utilizaremos cerca  de R$ 300 mil do total deste recurso, e o restante estaremos aplicando na  constru\u00e7\u00e3o e recupera\u00e7\u00e3o de pontes, e tamb\u00e9m na recupera\u00e7\u00e3o de estradas\u201d,  salientou o prefeito.<\/span><\/p>\n<p align=\"justify\"><span style=\"font-family: Calibri; font-size: small;\">De acordo com Bianco, o processo de  licita\u00e7\u00e3o das m\u00e1quinas ser\u00e1\u00a0iniciado na pr\u00f3xima segunda-feira (6), sendo  conclu\u00eddo em aproximadamente 20 dias, estando assim o munic\u00edpio apto a dar  in\u00edcio aos trabalhos. Ainda segundo Bianco, na pr\u00f3xima semana, o poder executivo  estar\u00e1 entrando em contato com os deputados estaduais do munic\u00edpio para discutir  sobre as emendas que cada um destinar\u00e1 a Ji-Paran\u00e1. <\/span><\/p>\n<p align=\"justify\"><span style=\"font-family: Calibri; font-size: small;\"><strong>Cidade Limpa<\/strong><\/span><\/p>\n<p align=\"justify\"><span style=\"font-family: Calibri; font-size: small;\">Durante o evento de assinatura do  conv\u00eanio do Fitha, o deputado estadual Euclides Maciel questionou ao  vice-governador Jo\u00e3o Cah\u00falla sobre a realiza\u00e7\u00e3o do Programa Cidade Limpa, em  Ji-Paran\u00e1. Segundo Euclides, algumas cidades do Estado j\u00e1 foram beneficiadas com  os trabalhos do Cidade Limpa e Ji-Paran\u00e1 ainda est\u00e1 sem data  definida.<\/span><\/p>\n<p align=\"justify\"><span style=\"font-family: Calibri; font-size: small;\">O vice-governador foi bastante  enf\u00e1tico ao afirmar que, pelo tamanho do munic\u00edpio, ser\u00e1\u00a0 necess\u00e1rio que todas  as m\u00e1quinas que fazem parte do programa, venham de uma s\u00f3\u00a0vez a  Ji-Paran\u00e1.<\/span><\/p>\n<p align=\"justify\"><span style=\"font-family: Calibri; font-size: small;\">\u201cEstamos programando um momento em  que possamos trazer o maior n\u00famero de m\u00e1quinas ou mesmo, todas elas, para  realizar um grande trabalho em Ji-Paran\u00e1. \u00c9 por este motivo que iniciamos em  cidades menores, e tamb\u00e9m temos que levar em considera\u00e7\u00e3o que nesta regi\u00e3o  central do Estado ainda est\u00e1 chovendo, o que dificulta os trabalhos. Mas  garantimos que em breve estaremos com o\u00a0 Cidade Limpa em Ji-Paran\u00e1\u201d, confirmou  Cah\u00falla.<\/span><\/p>\n","protected":false},"excerpt":{"rendered":"<p>O prefeito de Ji-Paran\u00e1, Jos\u00e9\u00a0de Abreu Bianco (DEM), e o vice-governador de Rond\u00f4nia, Jo\u00e3o Cah\u00falla, assinaram na manh\u00e3\u00a0de ontem o conv\u00eanio referente ao repasse de recursos do Fundo para Infra-estrutura de Transporte e Habita\u00e7\u00e3o (Fitha), no valor de R$ 842.532,13. O evento aconteceu na sede da Secretaria de Governo do Estado, em Ji-Paran\u00e1, e tamb\u00e9m [&hellip;]<\/p>\n","protected":false},"author":3,"featured_media":0,"comment_status":"open","ping_status":"open","sticky":false,"template":"","format":"standard","meta":{"tdm_status":"","tdm_grid_status":"","footnotes":""},"categories":[22],"tags":[],"class_list":{"0":"post-4546","1":"post","2":"type-post","3":"status-publish","4":"format-standard","6":"category-brasil"},"_links":{"self":[{"href":"https:\/\/migracao.redenoticia.com.br\/noticia\/wp-json\/wp\/v2\/posts\/4546","targetHints":{"allow":["GET"]}}],"collection":[{"href":"https:\/\/migracao.redenoticia.com.br\/noticia\/wp-json\/wp\/v2\/posts"}],"about":[{"href":"https:\/\/migracao.redenoticia.com.br\/noticia\/wp-json\/wp\/v2\/types\/post"}],"author":[{"embeddable":true,"href":"https:\/\/migracao.redenoticia.com.br\/noticia\/wp-json\/wp\/v2\/users\/3"}],"replies":[{"embeddable":true,"href":"https:\/\/migracao.redenoticia.com.br\/noticia\/wp-json\/wp\/v2\/comments?post=4546"}],"version-history":[{"count":0,"href":"https:\/\/migracao.redenoticia.com.br\/noticia\/wp-json\/wp\/v2\/posts\/4546\/revisions"}],"wp:attachment":[{"href":"https:\/\/migracao.redenoticia.com.br\/noticia\/wp-json\/wp\/v2\/media?parent=4546"}],"wp:term":[{"taxonomy":"category","embeddable":true,"href":"https:\/\/migracao.redenoticia.com.br\/noticia\/wp-json\/wp\/v2\/categories?post=4546"},{"taxonomy":"post_tag","embeddable":true,"href":"https:\/\/migracao.redenoticia.com.br\/noticia\/wp-json\/wp\/v2\/tags?post=4546"}],"curies":[{"name":"wp","href":"https:\/\/api.w.org\/{rel}","templated":true}]}}