{"id":45560,"date":"2013-07-26T14:30:33","date_gmt":"2013-07-26T17:30:33","guid":{"rendered":"http:\/\/www.redenoticia.com.br\/noticia\/?p=45560"},"modified":"2013-07-26T14:30:33","modified_gmt":"2013-07-26T17:30:33","slug":"pos-na-unicamp-em-arquitetura-tecnologia-e-cidade","status":"publish","type":"post","link":"https:\/\/migracao.redenoticia.com.br\/noticia\/2013\/pos-na-unicamp-em-arquitetura-tecnologia-e-cidade\/45560","title":{"rendered":"P\u00f3s na Unicamp em Arquitetura, Tecnologia e Cidade"},"content":{"rendered":"<p>Ag\u00eancia FAPESP\u00a0\u2013 A Faculdade de Engenharia Civil, Arquitetura e Urbanismo da Universidade Estadual de Campinas (Unicamp) est\u00e1 com as inscri\u00e7\u00f5es abertas, at\u00e9 dia 15 de agosto, para o processo seletivo 2014 do Programa de <em><strong>P\u00f3s-gradua\u00e7\u00e3o em Arquitetura<\/strong><\/em>, Tecnologia e Cidade.<\/p>\n<p>Com o objetivo de formar pesquisadores e professores para atua\u00e7\u00e3o especializada, o curso busca o relacionamento entre as \u00e1reas de Ci\u00eancias Sociais Aplicadas, Engenharias e Artes para promover o aperfei\u00e7oamento das t\u00e9cnicas de interesse \u00e0 Arquitetura e Urbanismo.<\/p>\n<p>O programa possui tr\u00eas linhas de pesquisa: \u201cTeoria e metodologia do projeto e da cidade\u201d, \u201cConforto ambiental do edif\u00edcio e da cidade\u201d e \u201cTecnologia e gest\u00e3o do ambiente constru\u00eddo\u201d.<\/p>\n<p>As vagas dispon\u00edveis ser\u00e3o preenchidas de acordo com o desempenho dos candidatos inscritos e com os estudos e pesquisas dos docentes participantes.<\/p>\n<p>Para a inscri\u00e7\u00e3o no mestrado, al\u00e9m da documenta\u00e7\u00e3o, \u00e9 obrigat\u00f3rio indicar uma das linhas de pesquisa para o desenvolvimento do projeto.<\/p>\n<p>J\u00e1 os candidatos ao doutorado devem apresentar uma an\u00e1lise cr\u00edtica da quest\u00e3o de pesquisa, com a descri\u00e7\u00e3o detalhada da metodologia,, e dos resultados a serem obtidos, al\u00e9m da relev\u00e2ncia do tema proposto.<\/p>\n<p>Ambos os processos exigir\u00e3o exame de profici\u00eancia em l\u00edngua estrangeira, prova escrita de conhecimento, an\u00e1lise do curriculum vitae, an\u00e1lise das propostas\/projetos de pesquisa e argui\u00e7\u00e3o dos candidatos.<\/p>\n<p>O edital com informa\u00e7\u00f5es sobre documenta\u00e7\u00e3o e prazos pode ser conferido em<a href=\"http:\/\/www.fec.unicamp.br\/arqs\/20130627114939-4._Edital_ATC_2014.pdf\" target=\"_blank\">www.fec.unicamp.br\/arqs\/20130627114939-4._Edital_ATC_2014.pdf<\/a><\/p>\n","protected":false},"excerpt":{"rendered":"<p>Ag\u00eancia FAPESP\u00a0\u2013 A Faculdade de Engenharia Civil, Arquitetura e Urbanismo da Universidade Estadual de Campinas (Unicamp) est\u00e1 com as inscri\u00e7\u00f5es abertas, at\u00e9 dia 15 de agosto, para o processo seletivo 2014 do Programa de P\u00f3s-gradua\u00e7\u00e3o em Arquitetura, Tecnologia e Cidade. Com o objetivo de formar pesquisadores e professores para atua\u00e7\u00e3o especializada, o curso busca o [&hellip;]<\/p>\n","protected":false},"author":2,"featured_media":34681,"comment_status":"open","ping_status":"closed","sticky":false,"template":"","format":"standard","meta":{"tdm_status":"","tdm_grid_status":"","footnotes":""},"categories":[22,351,370],"tags":[],"class_list":{"0":"post-45560","1":"post","2":"type-post","3":"status-publish","4":"format-standard","5":"has-post-thumbnail","7":"category-brasil","8":"category-cursos","9":"category-inscricao"},"_links":{"self":[{"href":"https:\/\/migracao.redenoticia.com.br\/noticia\/wp-json\/wp\/v2\/posts\/45560","targetHints":{"allow":["GET"]}}],"collection":[{"href":"https:\/\/migracao.redenoticia.com.br\/noticia\/wp-json\/wp\/v2\/posts"}],"about":[{"href":"https:\/\/migracao.redenoticia.com.br\/noticia\/wp-json\/wp\/v2\/types\/post"}],"author":[{"embeddable":true,"href":"https:\/\/migracao.redenoticia.com.br\/noticia\/wp-json\/wp\/v2\/users\/2"}],"replies":[{"embeddable":true,"href":"https:\/\/migracao.redenoticia.com.br\/noticia\/wp-json\/wp\/v2\/comments?post=45560"}],"version-history":[{"count":0,"href":"https:\/\/migracao.redenoticia.com.br\/noticia\/wp-json\/wp\/v2\/posts\/45560\/revisions"}],"wp:featuredmedia":[{"embeddable":true,"href":"https:\/\/migracao.redenoticia.com.br\/noticia\/wp-json\/wp\/v2\/media\/34681"}],"wp:attachment":[{"href":"https:\/\/migracao.redenoticia.com.br\/noticia\/wp-json\/wp\/v2\/media?parent=45560"}],"wp:term":[{"taxonomy":"category","embeddable":true,"href":"https:\/\/migracao.redenoticia.com.br\/noticia\/wp-json\/wp\/v2\/categories?post=45560"},{"taxonomy":"post_tag","embeddable":true,"href":"https:\/\/migracao.redenoticia.com.br\/noticia\/wp-json\/wp\/v2\/tags?post=45560"}],"curies":[{"name":"wp","href":"https:\/\/api.w.org\/{rel}","templated":true}]}}