{"id":45562,"date":"2013-07-26T14:34:19","date_gmt":"2013-07-26T17:34:19","guid":{"rendered":"http:\/\/www.redenoticia.com.br\/noticia\/?p=45562"},"modified":"2013-07-26T14:34:19","modified_gmt":"2013-07-26T17:34:19","slug":"mudanca-do-calculo-para-o-reajuste-do-seguro-desemprego","status":"publish","type":"post","link":"https:\/\/migracao.redenoticia.com.br\/noticia\/2013\/mudanca-do-calculo-para-o-reajuste-do-seguro-desemprego\/45562","title":{"rendered":"Mudan\u00e7a do c\u00e1lculo para o reajuste do seguro-desemprego"},"content":{"rendered":"<p>Bras\u00edlia &#8211; O ministro do Trabalho e Emprego, Manoel Dias, disse que a mudan\u00e7a do c\u00e1lculo para o reajuste do <em><strong>seguro-desemprego<\/strong><\/em> ainda est\u00e1 em negocia\u00e7\u00e3o com o governo, ao contr\u00e1rio do que havia dito nesta semana quando informou que a altera\u00e7\u00e3o percentual no benef\u00edcio estava acertada com a Casa Civil e o Minist\u00e9rio da Fazenda.<\/p>\n<p>De acordo com ele, n\u00e3o h\u00e1 qualquer mal-estar com o Minist\u00e9rio da Fazenda, que negou ter dado aval \u00e0 medida no mesmo dia em que o Minist\u00e9rio do Trabalho confirmou o reajuste. Dias participou do programa Bom Dia, Ministro, produzido pela Secretaria de Comunica\u00e7\u00e3o Social da Presid\u00eancia da Rep\u00fablica em parceria com a EBC Servi\u00e7os.<\/p>\n<p>A mudan\u00e7a de percentual para o reajuste do seguro-desemprego, que voltaria a ser feito com o mesmo c\u00e1lculo usado atualmente para o reajuste do sal\u00e1rio m\u00ednimo, foi cogitada no contexto do an\u00fancio de cortes de R$ 10 bilh\u00f5es no Or\u00e7amento, pela equipe econ\u00f4mica do governo. Segundo o Minist\u00e9rio do Trabalho, a aplica\u00e7\u00e3o do novo \u00edndice, a ser feita a partir de agosto, provocaria impacto de R$ 250 milh\u00f5es nos gastos at\u00e9 o fim do ano.<\/p>\n<p>Ontem (25), Manoel Dias reuniu-se com o ministro da Fazenda, Guido Mantega, para tratar da sua participa\u00e7\u00e3o na reuni\u00e3o dos ministros do Trabalho e de Finan\u00e7as do G20 \u2013 grupo de pa\u00edses emergentes -, da qual Mantega n\u00e3o pode comparecer. Dias informou que o reajuste do seguro-desemprego foi mencionado, mas que foi formada uma comiss\u00e3o t\u00e9cnica para avaliar a possibilidade do reajuste.<\/p>\n<p>\u201cN\u00e3o houve recuo [por parte do Minist\u00e9rio do Trabalho]. Cada um tem de se fundamentar bem nas raz\u00f5es que defende. Por isso temos um corpo t\u00e9cnico competente e capaz, que vai buscar fazer contas e n\u00fameros\u201d, disse o ministro. Dias acrescentou que a comiss\u00e3o t\u00e9cnica, formada para avaliar a possibilidade de reajuste, se reunir\u00e1 nos pr\u00f3ximos dias para apresentar suas conclus\u00f5es antes da reuni\u00e3o do Conselho Deliberativo do Fundo de Amparo ao Trabalhador (Codefat), marcada para a quarta-feira (31).<\/p>\n<p>Sobre o veto da presidenta Dilma Rousseff \u00e0 proposta de extin\u00e7\u00e3o dos 10% sobre o saldo do Fundo de Garantia do Tempo de Servi\u00e7o (FGTS) de trabalhadores em casos de demiss\u00e3o sem justa causa, o ministro disse que o fim da cobran\u00e7a ser\u00e1 feito quando o governo julgar oportuno. Para ele, esse valor est\u00e1 sendo usado para expandir a demanda no pa\u00eds, com mais consumo por parte da classe m\u00e9dia.<\/p>\n<p>\u201cEsse valor est\u00e1 sendo usado a beneficiar um setor important\u00edssimo ao Brasil. O pa\u00eds era muito injusto, tinha uma das maiores diferen\u00e7as sociais do mundo. E, agora, n\u00f3s temos que resgatar e ser solid\u00e1rios. Ningu\u00e9m morreu porque est\u00e1 pagando 10% a mais\u201d explicou.<\/p>\n<p>Segundo ele, essa medida n\u00e3o dever\u00e1 gerar a perda de apoio do empresariado ao governo. Ontem, diversas entidades empresariais e sindicais emitiram nota de rep\u00fadio ao veto e cogitam a possibilidade de derrubar o veto da presidenta no Congresso. O ministro do Trabalho reconheceu a possibilidade de derrubada da decis\u00e3o de Dilma, que voltar\u00e1 \u00e0 delibera\u00e7\u00e3o de parlamentares.<\/p>\n<p>Sobre o Projeto de Lei (PL) 4.330\/2004, que trata da terceiriza\u00e7\u00e3o de servi\u00e7os, que tramita no C\u00e2mara e estava para ser votado em car\u00e1ter terminativo pela Comiss\u00e3o de Constitui\u00e7\u00e3o e Justi\u00e7a (CCJ) no in\u00edcio do m\u00eas, Dias informou que o adiamento da delibera\u00e7\u00e3o dos parlamentares teve o objetivo de ampliar o prazo de negocia\u00e7\u00e3o no \u00e2mbito da comiss\u00e3o quadripartite &#8211; Congresso, governo, trabalhadores e empregadores &#8211; formada para discutir o tema. A vota\u00e7\u00e3o est\u00e1 prevista para 13 de agosto.<\/p>\n<p>&#8220;Come\u00e7a sempre muito tenso esse debate, mas na medida em que avan\u00e7a, se progride. N\u00f3s avan\u00e7amos muito, temos feito reuni\u00f5es quase semanalmente. Vamos encontrar sa\u00eddas e o PL ser\u00e1 bom para o Brasil. A terceiriza\u00e7\u00e3o \u00e9 uma realidade que n\u00e3o podemos ignorar. \u00c9 melhor que a regulamenta\u00e7\u00e3o seja feita de comum acordo entre as partes envolvidas&#8221;, explicou o ministro.<\/p>\n<p>Carolina Sarres<br \/>\nRep\u00f3rter da Ag\u00eancia Brasil<br \/>\nEdi\u00e7\u00e3o: Marcos Chagas<\/p>\n","protected":false},"excerpt":{"rendered":"<p>Bras\u00edlia &#8211; O ministro do Trabalho e Emprego, Manoel Dias, disse que a mudan\u00e7a do c\u00e1lculo para o reajuste do seguro-desemprego ainda est\u00e1 em negocia\u00e7\u00e3o com o governo, ao contr\u00e1rio do que havia dito nesta semana quando informou que a altera\u00e7\u00e3o percentual no benef\u00edcio estava acertada com a Casa Civil e o Minist\u00e9rio da Fazenda. [&hellip;]<\/p>\n","protected":false},"author":2,"featured_media":40636,"comment_status":"open","ping_status":"closed","sticky":false,"template":"","format":"standard","meta":{"tdm_status":"","tdm_grid_status":"","footnotes":""},"categories":[22,7],"tags":[],"class_list":{"0":"post-45562","1":"post","2":"type-post","3":"status-publish","4":"format-standard","5":"has-post-thumbnail","7":"category-brasil","8":"category-economia"},"_links":{"self":[{"href":"https:\/\/migracao.redenoticia.com.br\/noticia\/wp-json\/wp\/v2\/posts\/45562","targetHints":{"allow":["GET"]}}],"collection":[{"href":"https:\/\/migracao.redenoticia.com.br\/noticia\/wp-json\/wp\/v2\/posts"}],"about":[{"href":"https:\/\/migracao.redenoticia.com.br\/noticia\/wp-json\/wp\/v2\/types\/post"}],"author":[{"embeddable":true,"href":"https:\/\/migracao.redenoticia.com.br\/noticia\/wp-json\/wp\/v2\/users\/2"}],"replies":[{"embeddable":true,"href":"https:\/\/migracao.redenoticia.com.br\/noticia\/wp-json\/wp\/v2\/comments?post=45562"}],"version-history":[{"count":0,"href":"https:\/\/migracao.redenoticia.com.br\/noticia\/wp-json\/wp\/v2\/posts\/45562\/revisions"}],"wp:featuredmedia":[{"embeddable":true,"href":"https:\/\/migracao.redenoticia.com.br\/noticia\/wp-json\/wp\/v2\/media\/40636"}],"wp:attachment":[{"href":"https:\/\/migracao.redenoticia.com.br\/noticia\/wp-json\/wp\/v2\/media?parent=45562"}],"wp:term":[{"taxonomy":"category","embeddable":true,"href":"https:\/\/migracao.redenoticia.com.br\/noticia\/wp-json\/wp\/v2\/categories?post=45562"},{"taxonomy":"post_tag","embeddable":true,"href":"https:\/\/migracao.redenoticia.com.br\/noticia\/wp-json\/wp\/v2\/tags?post=45562"}],"curies":[{"name":"wp","href":"https:\/\/api.w.org\/{rel}","templated":true}]}}