{"id":45566,"date":"2013-07-26T14:41:19","date_gmt":"2013-07-26T17:41:19","guid":{"rendered":"http:\/\/www.redenoticia.com.br\/noticia\/?p=45566"},"modified":"2013-07-26T14:41:19","modified_gmt":"2013-07-26T17:41:19","slug":"correcao-de-precos-na-construcao-civil","status":"publish","type":"post","link":"https:\/\/migracao.redenoticia.com.br\/noticia\/2013\/correcao-de-precos-na-construcao-civil\/45566","title":{"rendered":"Corre\u00e7\u00e3o de pre\u00e7os na constru\u00e7\u00e3o civil"},"content":{"rendered":"<p>S\u00e3o Paulo \u2013 O \u00cdndice Nacional de Custo da Constru\u00e7\u00e3o-M (<em><strong>INCC-M<\/strong><\/em>) teve alta de 0,73% em julho, o que revela queda no ritmo de acelera\u00e7\u00e3o do custo da m\u00e3o de obra. Em junho a taxa tinha apresentado varia\u00e7\u00e3o de 1,96%. De janeiro a julho, o \u00edndice acumula alta de 6,38%, e nos \u00faltimos 12 meses a varia\u00e7\u00e3o \u00e9 7,75%.<\/p>\n<p>O INCC-M, medido pelo Instituto Brasileiro de Economia (Ibre) da Funda\u00e7\u00e3o Getulio Vargas (FGV), \u00e9 um dos componentes que formam o \u00cdndice Geral de Pre\u00e7os do Mercado (IGP-M), utilizado como base de c\u00e1lculo para a renova\u00e7\u00e3o da maioria dos contratos de aluguel.<\/p>\n<p>O que mais influenciou esse decr\u00e9scimo foi o item m\u00e3o de obra cuja taxa subiu 1,05%, ante 3,24% no m\u00eas de junho. A desacelera\u00e7\u00e3o \u00e9 consequ\u00eancia do fim dos processos de reajuste salarial em S\u00e3o Paulo, onde o \u00edndice passou de 6,18% em junho, para 0,19% em julho. J\u00e1 em Salvador, Bras\u00edlia e Porto Alegre, ocorreram pequenas varia\u00e7\u00f5es referentes aos diss\u00eddios coletivos. Nos seis primeiros meses, o item m\u00e3o de obra subiu 9,16% e, em 12 meses, a varia\u00e7\u00e3o acumulada foi 10,08%.<\/p>\n<p>Na m\u00e9dia, o grupo materiais, equipamentos e servi\u00e7os apresentou eleva\u00e7\u00e3o de 0,37% ante 0,58%. No acumulado do ano, a varia\u00e7\u00e3o est\u00e1 em 3,46% e, em12 meses, 5,28%.<\/p>\n<p>Em tr\u00eas capitais foram constatados aumentos no INCC-M no m\u00eas de julho, comparado com o m\u00eas de junho: Salvador, de 0,16% para 0,19%; Recife, de -0,04% para 0,31% e Porto Alegre, de 0,55% para 3,67%. J\u00e1 em Bras\u00edlia, caiu a intensidade de alta de 2,86% para 2,01% e o mesmo ocorreu em Belo Horizonte, de 0,02% para -0,01%; Rio de Janeiro, de 0,38% para 0,10% e S\u00e3o Paulo, de 3,56% para 0,16%.<\/p>\n<p>Marli Moreira<br \/>\nRep\u00f3rter da Ag\u00eancia Brasil<br \/>\nEdi\u00e7\u00e3o: Denise Griesinger<\/p>\n","protected":false},"excerpt":{"rendered":"<p>S\u00e3o Paulo \u2013 O \u00cdndice Nacional de Custo da Constru\u00e7\u00e3o-M (INCC-M) teve alta de 0,73% em julho, o que revela queda no ritmo de acelera\u00e7\u00e3o do custo da m\u00e3o de obra. Em junho a taxa tinha apresentado varia\u00e7\u00e3o de 1,96%. De janeiro a julho, o \u00edndice acumula alta de 6,38%, e nos \u00faltimos 12 meses [&hellip;]<\/p>\n","protected":false},"author":2,"featured_media":38938,"comment_status":"open","ping_status":"closed","sticky":false,"template":"","format":"standard","meta":{"tdm_status":"","tdm_grid_status":"","footnotes":""},"categories":[22,7],"tags":[],"class_list":{"0":"post-45566","1":"post","2":"type-post","3":"status-publish","4":"format-standard","5":"has-post-thumbnail","7":"category-brasil","8":"category-economia"},"_links":{"self":[{"href":"https:\/\/migracao.redenoticia.com.br\/noticia\/wp-json\/wp\/v2\/posts\/45566","targetHints":{"allow":["GET"]}}],"collection":[{"href":"https:\/\/migracao.redenoticia.com.br\/noticia\/wp-json\/wp\/v2\/posts"}],"about":[{"href":"https:\/\/migracao.redenoticia.com.br\/noticia\/wp-json\/wp\/v2\/types\/post"}],"author":[{"embeddable":true,"href":"https:\/\/migracao.redenoticia.com.br\/noticia\/wp-json\/wp\/v2\/users\/2"}],"replies":[{"embeddable":true,"href":"https:\/\/migracao.redenoticia.com.br\/noticia\/wp-json\/wp\/v2\/comments?post=45566"}],"version-history":[{"count":0,"href":"https:\/\/migracao.redenoticia.com.br\/noticia\/wp-json\/wp\/v2\/posts\/45566\/revisions"}],"wp:featuredmedia":[{"embeddable":true,"href":"https:\/\/migracao.redenoticia.com.br\/noticia\/wp-json\/wp\/v2\/media\/38938"}],"wp:attachment":[{"href":"https:\/\/migracao.redenoticia.com.br\/noticia\/wp-json\/wp\/v2\/media?parent=45566"}],"wp:term":[{"taxonomy":"category","embeddable":true,"href":"https:\/\/migracao.redenoticia.com.br\/noticia\/wp-json\/wp\/v2\/categories?post=45566"},{"taxonomy":"post_tag","embeddable":true,"href":"https:\/\/migracao.redenoticia.com.br\/noticia\/wp-json\/wp\/v2\/tags?post=45566"}],"curies":[{"name":"wp","href":"https:\/\/api.w.org\/{rel}","templated":true}]}}