{"id":45572,"date":"2013-07-26T12:47:41","date_gmt":"2013-07-26T15:47:41","guid":{"rendered":"http:\/\/www.redenoticia.com.br\/noticia\/?p=45572"},"modified":"2013-07-26T14:51:27","modified_gmt":"2013-07-26T17:51:27","slug":"nota-fiscal-paulista-premios-especiais-do-sorteio-de-julho","status":"publish","type":"post","link":"https:\/\/migracao.redenoticia.com.br\/noticia\/2013\/nota-fiscal-paulista-premios-especiais-do-sorteio-de-julho\/45572","title":{"rendered":"Nota Fiscal Paulista &#8211; pr\u00eamios especiais do sorteio de julho"},"content":{"rendered":"<p><em><strong>Nota Fiscal Paulista<\/strong><\/em> &#8211; \u00a0pr\u00eamios de R$ 50 mil, R$ 30 mil e R$ 20 mil sa\u00edram para moradores de Jundia\u00ed, Bauru e S\u00e3o Paulo<br \/>\nO aposentado Antonio Bio, de Jundia\u00ed, foi o ganhador do pr\u00eamio principal do sorteio de julho da Nota Fiscal Paulista. Aos 64 anos, ele esteve na Delegacia Regional Tribut\u00e1ria de Jundia\u00ed (DRT-16) para receber o cheque simb\u00f3lico de R$ 50 mil. \u201c\u00c9 a primeira vez que ganho um pr\u00eamio no sorteio da Nota Fiscal Paulista. Que bom que foi justo o maior\u201d, comemorou Antonio. O aposentado, que informa o CPF em todas as suas compras, ainda vai decidir o que fazer com o pr\u00eamio.<\/p>\n<p>O pr\u00eamio de R$ 30 mil saiu para Isaias Silva, de 64 anos, que esteve na Delegacia Regional Tribut\u00e1ria de Bauru (DRT-7), para receber seu cheque simb\u00f3lico. \u201cJ\u00e1 que a sorte sorriu para mim, vou utilizar o dinheiro para trocar de autom\u00f3vel, contou o aposentado\u201d, que pretende continuar pedindo a Nota Fiscal Paulista na esperan\u00e7a de ganhar outros pr\u00eamios.<\/p>\n<p>Com 31 anos, Claudio Pape, morador de S\u00e3o Paulo, recebeu seu cheque simb\u00f3lico com o pr\u00eamio de R$ 20 mil na Delegacia Regional Tribut\u00e1ria da Capital I (DRTC-I). Rec\u00e9m-casado, ele pretende utilizar o dinheiro para quitar algumas d\u00edvidas. \u201cSempre pe\u00e7o a Nota Fiscal Paulista e n\u00e3o havia hora melhor para uma not\u00edcia como essa e para um pr\u00eamio como esse\u201d, disse Claudio, que \u00e9 m\u00e9dico-residente.<\/p>\n<p>Sobre o programa Nota Fiscal Paulista<br \/>\nA Nota Fiscal Paulista, criada em outubro de 2007, integra o Programa de Est\u00edmulo \u00e0 Cidadania Fiscal do governo do Estado de S\u00e3o Paulo e reduz, de fato, a carga tribut\u00e1ria individual dos cidad\u00e3os, que recebem cr\u00e9ditos ao efetuar compras de mercadorias em S\u00e3o Paulo. O sistema distribui at\u00e9 30% do ICMS efetivamente recolhido pelo estabelecimento comercial aos consumidores que solicitam o documento fiscal e informam CPF ou CNPJ, proporcional ao valor da nota.<\/p>\n<p>A devolu\u00e7\u00e3o \u00e9 feita em cr\u00e9ditos que podem ser acompanhados pela internet e utilizados para pagamento do IPVA ou resgatados em dinheiro. O consumidor tamb\u00e9m pode solicitar o documento fiscal sem a indica\u00e7\u00e3o do CPF\/CNPJ e do\u00e1-lo a uma entidade de assist\u00eancia social ou de sa\u00fade cadastradas no programa Nota Fiscal Paulista, se assim desejar. Essa \u00e9 uma decis\u00e3o pessoal e exclusiva do consumidor.<\/p>\n<p>O programa conta com mais de 15 milh\u00f5es de participantes cadastrados e, desde seu in\u00edcio, teve mais de 25 bilh\u00f5es de documentos fiscais processados na Fazenda. No total, a Nota Fiscal Paulista devolveu aos participantes do programa R$ 8,2 bilh\u00f5es, sendo R$ 7,3 bilh\u00f5es em cr\u00e9ditos e R$ 902,1 milh\u00f5es em pr\u00eamios nos 56 sorteios j\u00e1 realizados.<\/p>\n<p>Para conferir os cr\u00e9ditos, aderir ao sorteio ou obter mais informa\u00e7\u00f5es sobre a Nota Fiscal Paulista, basta acessar o site <a href=\"http:\/\/www.nfp.fazenda.sp.gov.br\" target=\"_blank\">www.nfp.fazenda.sp.gov.br<\/a>.<\/p>\n","protected":false},"excerpt":{"rendered":"<p>Nota Fiscal Paulista &#8211; \u00a0pr\u00eamios de R$ 50 mil, R$ 30 mil e R$ 20 mil sa\u00edram para moradores de Jundia\u00ed, Bauru e S\u00e3o Paulo O aposentado Antonio Bio, de Jundia\u00ed, foi o ganhador do pr\u00eamio principal do sorteio de julho da Nota Fiscal Paulista. Aos 64 anos, ele esteve na Delegacia Regional Tribut\u00e1ria de [&hellip;]<\/p>\n","protected":false},"author":2,"featured_media":17430,"comment_status":"open","ping_status":"closed","sticky":false,"template":"","format":"standard","meta":{"tdm_status":"","tdm_grid_status":"","footnotes":""},"categories":[362],"tags":[],"class_list":{"0":"post-45572","1":"post","2":"type-post","3":"status-publish","4":"format-standard","5":"has-post-thumbnail","7":"category-nota-fiscal-paulista"},"_links":{"self":[{"href":"https:\/\/migracao.redenoticia.com.br\/noticia\/wp-json\/wp\/v2\/posts\/45572","targetHints":{"allow":["GET"]}}],"collection":[{"href":"https:\/\/migracao.redenoticia.com.br\/noticia\/wp-json\/wp\/v2\/posts"}],"about":[{"href":"https:\/\/migracao.redenoticia.com.br\/noticia\/wp-json\/wp\/v2\/types\/post"}],"author":[{"embeddable":true,"href":"https:\/\/migracao.redenoticia.com.br\/noticia\/wp-json\/wp\/v2\/users\/2"}],"replies":[{"embeddable":true,"href":"https:\/\/migracao.redenoticia.com.br\/noticia\/wp-json\/wp\/v2\/comments?post=45572"}],"version-history":[{"count":0,"href":"https:\/\/migracao.redenoticia.com.br\/noticia\/wp-json\/wp\/v2\/posts\/45572\/revisions"}],"wp:featuredmedia":[{"embeddable":true,"href":"https:\/\/migracao.redenoticia.com.br\/noticia\/wp-json\/wp\/v2\/media\/17430"}],"wp:attachment":[{"href":"https:\/\/migracao.redenoticia.com.br\/noticia\/wp-json\/wp\/v2\/media?parent=45572"}],"wp:term":[{"taxonomy":"category","embeddable":true,"href":"https:\/\/migracao.redenoticia.com.br\/noticia\/wp-json\/wp\/v2\/categories?post=45572"},{"taxonomy":"post_tag","embeddable":true,"href":"https:\/\/migracao.redenoticia.com.br\/noticia\/wp-json\/wp\/v2\/tags?post=45572"}],"curies":[{"name":"wp","href":"https:\/\/api.w.org\/{rel}","templated":true}]}}