{"id":45738,"date":"2013-07-25T18:19:59","date_gmt":"2013-07-25T21:19:59","guid":{"rendered":"http:\/\/www.redenoticia.com.br\/noticia\/?p=45738"},"modified":"2013-08-04T18:25:01","modified_gmt":"2013-08-04T21:25:01","slug":"taxa-de-desemprego-fica-em-109-em-junho","status":"publish","type":"post","link":"https:\/\/migracao.redenoticia.com.br\/noticia\/2013\/taxa-de-desemprego-fica-em-109-em-junho\/45738","title":{"rendered":"Taxa de desemprego fica em 10,9% em junho"},"content":{"rendered":"<p>S\u00e3o Paulo &#8211; A <em><strong>taxa de desemprego<\/strong> <\/em>recuou em junho, passando de 11,2% em maio para 10,9% da Popula\u00e7\u00e3o Economicamente Ativa (PEA) no conjunto das sete regi\u00f5es metropolitanas pesquisadas pela Funda\u00e7\u00e3o Sistema Estadual de An\u00e1lise de Dados (Seade) e Departamento Intersindical de Estat\u00edstica e Estudos Socioecon\u00f4micos (Dieese). A Pesquisa de Emprego e Desemprego (PED), divulgada hoje (31), estima o contingente de desempregados em 2,4 milh\u00f5es de pessoas.<\/p>\n<p>Houve diminui\u00e7\u00e3o em Belo Horizonte, com taxa atingindo 6,7% em junho ante 7,4% no m\u00eas anterior. Tamb\u00e9m foi registrado decr\u00e9scimo em Salvador (de 19,7% para 19,1%) e no Recife (12,9% para 12,5%). J\u00e1 nas demais regi\u00f5es, Distrito Federal, Fortaleza, Porto Alegre e S\u00e3o Paulo houve estabilidade.<\/p>\n<p>O n\u00edvel de ocupa\u00e7\u00e3o teve aumento de 0,4%, com um saldo de 71 mil vagas, n\u00famero acima da quantidade de pessoas que passaram a disputar os postos de trabalho (22 mil). Al\u00e9m disso, 48 mil pessoas desistiram de concorrer no mercado de trabalho.<\/p>\n<p>A ind\u00fastria de transforma\u00e7\u00e3o foi o setor que mais contratou no per\u00edodo, com uma amplia\u00e7\u00e3o de 0,9% no n\u00edvel de emprego e 24 mil admiss\u00f5es. J\u00e1 no com\u00e9rcio, houve aumento de 0,6% e saldo de 21 mil empregos. Na constru\u00e7\u00e3o, as ofertas atingiram 5 mil postos de trabalho, acr\u00e9scimo de 0,3% em rela\u00e7\u00e3o a maio. No setor de servi\u00e7os, com a mesma taxa de varia\u00e7\u00e3o (0,3%), ocorreram mais 31 mil vagas.<\/p>\n<p>Tanto o rendimento m\u00e9dio dos ocupados como o dos assalariados tiveram um crescimento em maio de 0,7%, passando de R$ 1.608 para R$ 1.655.<\/p>\n<p>Assim como o Dieese e a Funda\u00e7\u00e3o Seade, o Instituto Brasileiro de Geografia e Estat\u00edstica (IBGE) divulga levantamento mensal sobre o desemprego no pa\u00eds. No entanto, as taxas apresentadas nas duas pesquisas costumam ser diferentes devido aos conceitos e metodologias usados.<\/p>\n<p>Entre as diferen\u00e7as est\u00e1 o conjunto de regi\u00f5es pesquisadas. A PED, feita pelo Dieese e pela Funda\u00e7\u00e3o Seade, n\u00e3o engloba o n\u00famero de desempregados da regi\u00e3o metropolitana do Rio de Janeiro. Na Pesquisa Mensal de Emprego (PME), do IBGE, n\u00e3o est\u00e3o inclu\u00eddas as regi\u00f5es de Fortaleza e do Distrito Federal.<\/p>\n<p>Marli Moreira<br \/>\nRep\u00f3rter da Ag\u00eancia Brasil<br \/>\nEdi\u00e7\u00e3o: Jos\u00e9 Romildo<\/p>\n","protected":false},"excerpt":{"rendered":"<p>S\u00e3o Paulo &#8211; A taxa de desemprego recuou em junho, passando de 11,2% em maio para 10,9% da Popula\u00e7\u00e3o Economicamente Ativa (PEA) no conjunto das sete regi\u00f5es metropolitanas pesquisadas pela Funda\u00e7\u00e3o Sistema Estadual de An\u00e1lise de Dados (Seade) e Departamento Intersindical de Estat\u00edstica e Estudos Socioecon\u00f4micos (Dieese). A Pesquisa de Emprego e Desemprego (PED), divulgada [&hellip;]<\/p>\n","protected":false},"author":2,"featured_media":38938,"comment_status":"open","ping_status":"closed","sticky":false,"template":"","format":"standard","meta":{"tdm_status":"","tdm_grid_status":"","footnotes":""},"categories":[22,7],"tags":[],"class_list":{"0":"post-45738","1":"post","2":"type-post","3":"status-publish","4":"format-standard","5":"has-post-thumbnail","7":"category-brasil","8":"category-economia"},"_links":{"self":[{"href":"https:\/\/migracao.redenoticia.com.br\/noticia\/wp-json\/wp\/v2\/posts\/45738","targetHints":{"allow":["GET"]}}],"collection":[{"href":"https:\/\/migracao.redenoticia.com.br\/noticia\/wp-json\/wp\/v2\/posts"}],"about":[{"href":"https:\/\/migracao.redenoticia.com.br\/noticia\/wp-json\/wp\/v2\/types\/post"}],"author":[{"embeddable":true,"href":"https:\/\/migracao.redenoticia.com.br\/noticia\/wp-json\/wp\/v2\/users\/2"}],"replies":[{"embeddable":true,"href":"https:\/\/migracao.redenoticia.com.br\/noticia\/wp-json\/wp\/v2\/comments?post=45738"}],"version-history":[{"count":0,"href":"https:\/\/migracao.redenoticia.com.br\/noticia\/wp-json\/wp\/v2\/posts\/45738\/revisions"}],"wp:featuredmedia":[{"embeddable":true,"href":"https:\/\/migracao.redenoticia.com.br\/noticia\/wp-json\/wp\/v2\/media\/38938"}],"wp:attachment":[{"href":"https:\/\/migracao.redenoticia.com.br\/noticia\/wp-json\/wp\/v2\/media?parent=45738"}],"wp:term":[{"taxonomy":"category","embeddable":true,"href":"https:\/\/migracao.redenoticia.com.br\/noticia\/wp-json\/wp\/v2\/categories?post=45738"},{"taxonomy":"post_tag","embeddable":true,"href":"https:\/\/migracao.redenoticia.com.br\/noticia\/wp-json\/wp\/v2\/tags?post=45738"}],"curies":[{"name":"wp","href":"https:\/\/api.w.org\/{rel}","templated":true}]}}